{"id":170128,"date":"2021-07-13T14:40:12","date_gmt":"2021-07-13T17:40:12","guid":{"rendered":"https:\/\/www.agrobase.com.br\/concursos\/?p=170128"},"modified":"2023-08-20T18:12:59","modified_gmt":"2023-08-20T21:12:59","slug":"processo-seletivo-reduto-mg-edital-001-2021","status":"publish","type":"post","link":"https:\/\/www.agrobase.com.br\/concursos\/2021\/processo-seletivo-reduto-mg-edital-001-2021\/","title":{"rendered":"Processo Seletivo Reduto &#8211; MG | Edital 001\/2021 [Retificado]"},"content":{"rendered":"<p>O Processo Seletivo de <a href=\"https:\/\/www.reduto.mg.gov.br\/\" title=\"Prefeitura de Reduto\" target=\"_blank\" rel=\"noopener\">Reduto (MG)<\/a> aposta na sele\u00e7\u00e3o e preenchimento de mais de 230 oportunidades no quadro tempor\u00e1rio de servidores municipais.<\/p>\n<p>No documento de retifica\u00e7\u00e3o IV o cargo de Auxiliar Odontol\u00f3gico passa a dispor de uma vaga e a fun\u00e7\u00e3o de Dentista PSF de uma oportunidade.<\/p>\n<p>Por meio da retifica\u00e7\u00e3o III, a modifica\u00e7\u00e3o foi a escolaridade exigida para o cargo de Monitor de Educa\u00e7\u00e3o &#8211; Creche, que agora exige magist\u00e9rio.<\/p>\n<p>Na retifica\u00e7\u00e3o II houve altera\u00e7\u00e3o no quantitativo de vagas da fun\u00e7\u00e3o de Enfermeiro PSF. Anteriormente eram disponibilizadas sete vagas, por\u00e9m agora, est\u00e3o abertas somente quatro.<\/p>\n<p>A retifica\u00e7\u00e3o I modificou o quantitativo de vagas ofertadas nesses cargos, confira: Assistente Administrativo I (7), Auxiliar de Servi\u00e7os Gerais (15), Auxiliar de Biblioteca (CR), Ber\u00e7arista (6), Bioqu\u00edmico (CR), Educador F\u00edsico NASF (CR), Enfermeiro (CR), Farmac\u00eautico do NASF (CR), Fisioterapeuta (CR), Fonoaudi\u00f3logo (CR), Gari (7), Mec\u00e2nico (1), M\u00e9dico (CR), Monitor de Educa\u00e7\u00e3o &#8211; Creche (16), Oper\u00e1rio (6), Professor de 1\u00ba ao 5\u00ba ano (8), Recepcionista (4), T\u00e9cnico de Enfermagem (6), Telefonista (CR), e Vigia (5).<\/p>\n<h2>Cargos e Remunera\u00e7\u00e3o<\/h2>\n<p>As remunera\u00e7\u00f5es podem variar entre <strong>R$ 1.100,00<\/strong> a <strong>R$ 9.884,75<\/strong> ao m\u00eas, consideradas atua\u00e7\u00f5es por jornadas semanais de <strong>20h<\/strong>, <strong>30h<\/strong> ou <strong>40 horas por semana<\/strong>. As <strong>238 vagas<\/strong> ofertadas pelo Munic\u00edpio de <a href=\"https:\/\/pt.wikipedia.org\/wiki\/Reduto\" title=\"Cidade de Reduto\" target=\"_blank\" rel=\"noopener\">Reduto<\/a> est\u00e3o distribu\u00eddas de acordo como quadro de vagas (confira no final do texto).<\/p>\n<h2>Inscri\u00e7\u00f5es<\/h2>\n<ul>\n<li><strong>Internet:<\/strong> de <strong>28 de junho de 2021<\/strong> at\u00e9 <strong>15 de julho de 2021<\/strong> ser\u00e1 poss\u00edvel se inscrever na sele\u00e7\u00e3o de Reduto. Para isso ser\u00e1 necess\u00e1rio acessar ao endere\u00e7o eletr\u00f4nico <strong>portal.imeso.com.br<\/strong>, durante o per\u00edodo de inscri\u00e7\u00f5es definido acima.<\/li>\n<\/ul>\n<p>Todavia s\u00e3o cobradas taxas de inscri\u00e7\u00e3o com valores de <strong>R$ 50,00<\/strong>, <strong>R$ 55,00<\/strong>, <strong>R$ 60,00<\/strong> e <strong>R$ 80,00<\/strong>.<\/p>\n<h2>Provas<\/h2>\n<p>Ser\u00e3o admitidos os profissionais inscritos aprovados nas seguintes etapas de avalia\u00e7\u00e3o:<\/p>\n<ol>\n<li><strong>Prova Objetiva:<\/strong> prevista para ser aplicada nos dias <strong>07<\/strong> e <strong>08 de agosto de 2021<\/strong>.<\/li>\n<\/ol>\n<p>Entretanto, local de aplica\u00e7\u00e3o das provas,, segundo o cronograma do certame, est\u00e1 previsto para ser divulgado no site da Organizadora em <strong>27 de julho de 2021<\/strong>.<\/p>\n<h2>Resultado Processo Seletivo Reduto<\/h2>\n<p>Por fim, para conferir o resultado final os profissionais participantes podem acessar \u00e0 p\u00e1gina do concurso portal.imeso.com.br, a partir do dia <strong>30 de agosto de 2021<\/strong>.<\/p>\n","protected":false},"excerpt":{"rendered":"<p>O Processo Seletivo de Reduto (MG) aposta na sele\u00e7\u00e3o e preenchimento de mais de 230 oportunidades no quadro tempor\u00e1rio de servidores municipais.<\/p>\n","protected":false},"author":7,"featured_media":170131,"comment_status":"open","ping_status":"open","sticky":false,"template":"","format":"standard","meta":{"_acf_changed":false,"_breakdance_hide_in_design_set":false,"_breakdance_tags":"","footnotes":""},"categories":[106,11,12,17,18,19,21,23,24,25,26,101,108],"tags":[50],"_amplo":[],"destaque":[],"instituicoes":[5214],"class_list":["post-170128","post","type-post","status-publish","format-standard","has-post-thumbnail","hentry","category-bioquimica","category-educacao-fisica","category-enfermagem","category-farmacia","category-fisioterapia","category-fonoaudiologia","category-medicina","category-nutricao","category-odontologia","category-pedagogia","category-psicologia","category-servico-social","category-tecnico-enfermagem","tag-minas-gerais","instituicoes-prefeitura-municipal-de-reduto-mg"],"acf":{"_tipo_vagas":"vagas","_numero_vagas":238,"_quadro_vagas":"","_cargos":"diversos","_cargos_especificos":"","_salario_max":"R$","_abertura":"20210628","_encerramento":"20210715","_inscricoes":"","_executora_concurso":163905,"_instituicao_concurso":[5214],"_link_adicional":null,"_anexos":[{"_arquivo_anexo":170130,"_titulo_anexo":"Edital 001\/2021"},{"_arquivo_anexo":170984,"_titulo_anexo":"Errata I"},{"_arquivo_anexo":170985,"_titulo_anexo":"Errata II"},{"_arquivo_anexo":170986,"_titulo_anexo":"Errata III"},{"_arquivo_anexo":170987,"_titulo_anexo":"Errata IV"}],"_produtos":null,"_vagas":"","_salario_min":"","_instituicao":"","_edital":"","_anexos_edital":"","_fund_incompleto":"","_fund_completo":"","_medio":"","_superior":""},"_links":{"self":[{"href":"https:\/\/www.agrobase.com.br\/concursos\/wp-json\/wp\/v2\/posts\/170128","targetHints":{"allow":["GET"]}}],"collection":[{"href":"https:\/\/www.agrobase.com.br\/concursos\/wp-json\/wp\/v2\/posts"}],"about":[{"href":"https:\/\/www.agrobase.com.br\/concursos\/wp-json\/wp\/v2\/types\/post"}],"author":[{"embeddable":true,"href":"https:\/\/www.agrobase.com.br\/concursos\/wp-json\/wp\/v2\/users\/7"}],"replies":[{"embeddable":true,"href":"https:\/\/www.agrobase.com.br\/concursos\/wp-json\/wp\/v2\/comments?post=170128"}],"version-history":[{"count":0,"href":"https:\/\/www.agrobase.com.br\/concursos\/wp-json\/wp\/v2\/posts\/170128\/revisions"}],"acf:term":[{"embeddable":true,"taxonomy":"instituicoes","href":"https:\/\/www.agrobase.com.br\/concursos\/wp-json\/wp\/v2\/instituicoes\/5214"}],"acf:post":[{"embeddable":true,"href":"https:\/\/www.agrobase.com.br\/concursos\/wp-json\/wp\/v2\/executora\/163905"}],"wp:featuredmedia":[{"embeddable":true,"href":"https:\/\/www.agrobase.com.br\/concursos\/wp-json\/wp\/v2\/media\/170131"}],"wp:attachment":[{"href":"https:\/\/www.agrobase.com.br\/concursos\/wp-json\/wp\/v2\/media?parent=170128"}],"wp:term":[{"taxonomy":"category","embeddable":true,"href":"https:\/\/www.agrobase.com.br\/concursos\/wp-json\/wp\/v2\/categories?post=170128"},{"taxonomy":"post_tag","embeddable":true,"href":"https:\/\/www.agrobase.com.br\/concursos\/wp-json\/wp\/v2\/tags?post=170128"},{"taxonomy":"_amplo","embeddable":true,"href":"https:\/\/www.agrobase.com.br\/concursos\/wp-json\/wp\/v2\/_amplo?post=170128"},{"taxonomy":"destaque","embeddable":true,"href":"https:\/\/www.agrobase.com.br\/concursos\/wp-json\/wp\/v2\/destaque?post=170128"},{"taxonomy":"instituicoes","embeddable":true,"href":"https:\/\/www.agrobase.com.br\/concursos\/wp-json\/wp\/v2\/instituicoes?post=170128"}],"curies":[{"name":"wp","href":"https:\/\/api.w.org\/{rel}","templated":true}]}}