{"id":169717,"date":"2021-06-25T15:02:54","date_gmt":"2021-06-25T18:02:54","guid":{"rendered":"https:\/\/www.agrobase.com.br\/concursos\/?p=169717"},"modified":"2021-06-25T15:04:22","modified_gmt":"2021-06-25T18:04:22","slug":"concurso-publico-ufu-mg-edital-027-2021-tecnicos-administrativos","status":"publish","type":"post","link":"https:\/\/www.agrobase.com.br\/concursos\/2021\/concurso-publico-ufu-mg-edital-027-2021-tecnicos-administrativos\/","title":{"rendered":"Concurso P\u00fablico da UFU &#8211; MG | Edital 027\/2021 &#8211; T\u00e9cnicos Administrativos"},"content":{"rendered":"<p>Foi anunciado um novo Concurso P\u00fablico da <a href=\"http:\/\/www.ufu.br\/\" title=\"Universidade Federal de Uberl\u00e2ndia\" target=\"_blank\" rel=\"noopener\">UFU (MG)<\/a>, prevendo a contrata\u00e7\u00e3o de T\u00e9cnicos Administrativos em Educa\u00e7\u00e3o em diferentes fun\u00e7\u00f5es.<\/p>\n<h2>Cargos e Remunera\u00e7\u00e3o<\/h2>\n<p>S\u00e3o ofertadas <strong>15 vagas<\/strong> por meio do edital 027\/2021 do Concurso P\u00fablico da Universidade Federal de Uberl\u00e2ndia (UFU). Nesse edital s\u00e3o oferecidas vagas para os cargos T\u00e9cnico-administrativos de n\u00edvel m\u00e9dio, t\u00e9cnico e superior, nas fun\u00e7\u00f5es, a saber:<\/p>\n<p><em>Desenhista de Artes Gr\u00e1ficas; T\u00e9cnico de Laborat\u00f3rio\/Qu\u00edmica; T\u00e9cnico em Contabilidade; M\u00e9dico\/Neurologista; Nutricionista e Pedagogo<\/em><\/p>\n<p>Os candidatos classificados nesse concurso, nomeados para ocupar os cargos descritos no quadro de vagas abaixo ser\u00e3o lotados e ter\u00e3o exerc\u00edcio na Universidade Federal de Uberl\u00e2ndia, em quaisquer das cidades: Uberl\u00e2ndia, Ituiutaba, Patos de Minas e Monte Carmelo e em quaisquer outros campi que possam surgir.<\/p>\n<p>As remunera\u00e7\u00f5es podem ser de <strong>R$ 2.446,96<\/strong> para cargos de n\u00edvel m\u00e9dio e t\u00e9cnico; e de <strong>R$ 4.180,66<\/strong> para cargos de n\u00edvel superior, para atua\u00e7\u00e3o em jornada de <strong>20h<\/strong> ou <strong>40 horas<\/strong> por semana<\/p>\n<p><strong>Clique abaixo para exibir o quadro de vagas do Concurso P\u00fablico da UFU &#8211; MG (Edital 027\/2021)<\/strong><br \/>\n<a target=\"_blank\" href=\"https:\/\/www.agrobase.com.br\/concursos\/wp-content\/uploads\/sites\/4\/2021\/06\/quadro-de-vagas-do-concurso-publico-da-ufu-mg.pdf\" rel=\"noopener\"><img loading=\"lazy\" decoding=\"async\" src=\"https:\/\/www.agrobase.com.br\/concursos\/wp-content\/uploads\/sites\/4\/2017\/08\/quadro-de-vagas-do-concurso-publico-ufu.png\" alt=\"Vagas Concurso P\u00fablico UFU (PDF)\" width=\"570\" height=\"160\" class=\"aligncenter size-full\" \/><\/a><\/p>\n<h2>Inscri\u00e7\u00f5es<\/h2>\n<ul>\n<li><strong>Internet:<\/strong> caso haja interesse em participar, o pessoal poder\u00e1 se inscrever entre os dias <strong>05 de julho de 2021<\/strong> a <strong>04 de agosto de 2021<\/strong>. A ficha de inscri\u00e7\u00e3o ficar\u00e1 disposta no endere\u00e7o eletr\u00f4nico <a href=\"https:\/\/www.portalselecao.ufu.br\/servicos\/\" target=\"_blank\" rel=\"noopener\">www.portalselecao.ufu.br<\/a>.<\/li>\n<\/ul>\n<p>O valor da inscri\u00e7\u00e3o ser\u00e1 de:<\/p>\n<p><strong>R$ 73,00:<\/strong> para os cargos de n\u00edvel \u201cD\u201d;<br \/>\n<strong>R$ 125,00:<\/strong> para os cargos de n\u00edvel \u201cE\u201d.<\/p>\n<h2>Provas<\/h2>\n<p>O Concurso P\u00fablico da UFU ser\u00e1 realizado em duas fases, sendo elas:<\/p>\n<ol>\n<li><strong>Prova Objetiva:<\/strong> Para todos os cargos, de car\u00e1ter eliminat\u00f3rio e classificat\u00f3rio.<\/li>\n<\/ol>\n<p>As provas objetivas ser\u00e3o aplicadas no dia <strong>17 de outubro de 2021<\/strong>.<\/p>\n<h2>Gabarito<\/h2>\n<p>Os gabaritos oficiais preliminares das quest\u00f5es objetivas ser\u00e3o divulgados no endere\u00e7o eletr\u00f4nico www.portalselecao.ufu.br no dia <strong>18 de outubro de 2021<\/strong>, at\u00e9 as 12 horas.<\/p>\n<h2>Resultado do Concurso P\u00fablico UFU<\/h2>\n<p>O resultado final e demais informa\u00e7\u00f5es referentes a este concurso ser\u00e3o divulgadas em <strong>12 de novembro de 2021<\/strong>, no endere\u00e7o eletr\u00f4nico www.portalselecao.ufu.br, sendo de inteira responsabilidade do candidato acompanhar a publica\u00e7\u00e3o de todos os ato.<\/p>\n","protected":false},"excerpt":{"rendered":"<p>Foi anunciado um novo Concurso P\u00fablico da UFU (MG), prevendo a contrata\u00e7\u00e3o de T\u00e9cnicos Administrativos em Educa\u00e7\u00e3o em diferentes fun\u00e7\u00f5es.<\/p>\n","protected":false},"author":7,"featured_media":169719,"comment_status":"open","ping_status":"open","sticky":false,"template":"","format":"standard","meta":{"_acf_changed":false,"_breakdance_hide_in_design_set":false,"_breakdance_tags":"","footnotes":""},"categories":[21,23,25,128,161],"tags":[50],"_amplo":[],"destaque":[],"instituicoes":[168],"class_list":["post-169717","post","type-post","status-publish","format-standard","has-post-thumbnail","hentry","category-medicina","category-nutricao","category-pedagogia","category-tecnico-em-contabilidade","category-tecnico-laboratorio","tag-minas-gerais","instituicoes-universidade-federal-de-uberlandia-ufu"],"acf":{"_tipo_vagas":"vagas + cadastro de reserva","_numero_vagas":15,"_quadro_vagas":null,"_cargos":"t\u00e9cnicos administrativos","_cargos_especificos":"","_salario_max":"R$","_abertura":"20210705","_encerramento":"20210804","_inscricoes":"","_executora_concurso":"","_instituicao_concurso":[168],"_link_adicional":null,"_anexos":[{"_arquivo_anexo":169718,"_titulo_anexo":"Edital 027\/2021"}],"_produtos":null,"_vagas":"","_salario_min":"","_instituicao":"","_edital":"","_anexos_edital":"","_fund_incompleto":"","_fund_completo":"","_medio":"","_superior":""},"_links":{"self":[{"href":"https:\/\/www.agrobase.com.br\/concursos\/wp-json\/wp\/v2\/posts\/169717","targetHints":{"allow":["GET"]}}],"collection":[{"href":"https:\/\/www.agrobase.com.br\/concursos\/wp-json\/wp\/v2\/posts"}],"about":[{"href":"https:\/\/www.agrobase.com.br\/concursos\/wp-json\/wp\/v2\/types\/post"}],"author":[{"embeddable":true,"href":"https:\/\/www.agrobase.com.br\/concursos\/wp-json\/wp\/v2\/users\/7"}],"replies":[{"embeddable":true,"href":"https:\/\/www.agrobase.com.br\/concursos\/wp-json\/wp\/v2\/comments?post=169717"}],"version-history":[{"count":0,"href":"https:\/\/www.agrobase.com.br\/concursos\/wp-json\/wp\/v2\/posts\/169717\/revisions"}],"acf:term":[{"embeddable":true,"taxonomy":"instituicoes","href":"https:\/\/www.agrobase.com.br\/concursos\/wp-json\/wp\/v2\/instituicoes\/168"}],"wp:featuredmedia":[{"embeddable":true,"href":"https:\/\/www.agrobase.com.br\/concursos\/wp-json\/wp\/v2\/media\/169719"}],"wp:attachment":[{"href":"https:\/\/www.agrobase.com.br\/concursos\/wp-json\/wp\/v2\/media?parent=169717"}],"wp:term":[{"taxonomy":"category","embeddable":true,"href":"https:\/\/www.agrobase.com.br\/concursos\/wp-json\/wp\/v2\/categories?post=169717"},{"taxonomy":"post_tag","embeddable":true,"href":"https:\/\/www.agrobase.com.br\/concursos\/wp-json\/wp\/v2\/tags?post=169717"},{"taxonomy":"_amplo","embeddable":true,"href":"https:\/\/www.agrobase.com.br\/concursos\/wp-json\/wp\/v2\/_amplo?post=169717"},{"taxonomy":"destaque","embeddable":true,"href":"https:\/\/www.agrobase.com.br\/concursos\/wp-json\/wp\/v2\/destaque?post=169717"},{"taxonomy":"instituicoes","embeddable":true,"href":"https:\/\/www.agrobase.com.br\/concursos\/wp-json\/wp\/v2\/instituicoes?post=169717"}],"curies":[{"name":"wp","href":"https:\/\/api.w.org\/{rel}","templated":true}]}}