{"id":168977,"date":"2021-06-02T15:15:23","date_gmt":"2021-06-02T18:15:23","guid":{"rendered":"https:\/\/www.agrobase.com.br\/concursos\/?p=168977"},"modified":"2021-06-02T15:15:23","modified_gmt":"2021-06-02T18:15:23","slug":"processo-seletivo-uva-ce-edital-001-002-003-2021","status":"publish","type":"post","link":"https:\/\/www.agrobase.com.br\/concursos\/2021\/processo-seletivo-uva-ce-edital-001-002-003-2021\/","title":{"rendered":"Processos Seletivos UVA &#8211; CE | Edital 001\/2021, 002\/2021 e 003\/2021"},"content":{"rendered":"<p>Comunicado o lan\u00e7amento de tr\u00eas editais de Processo Seletivo da <a href=\"http:\/\/www.uvanet.br\/\" title=\"Universidade Estadual Vale do Acara\u00fa\" target=\"_blank\" rel=\"noopener\">UVA (CE)<\/a>, cujo objetivo \u00e9 contratar 65 professores tempor\u00e1rios em diferentes \u00e1reas.<\/p>\n<h2>Cargos<\/h2>\n<p>As <strong>65 vagas<\/strong> abertas pela Universidade Estadual Vale do Acara\u00fa (UVA &#8211; CE), no estado do Cear\u00e1, s\u00e3o divididas da seguinte forma entre as tr\u00eas sele\u00e7\u00f5es abertas:<\/p>\n<p><strong>Edital 001\/2021<\/strong><\/p>\n<p><strong>Centro de Ci\u00eancias Humanas:<\/strong> Teoria e M\u00e9todo em Ci\u00eancias Sociais (1); Educa\u00e7\u00e3o e Ensino de Sociologia (1); Geografia F\u00edsica (2); Geografia Urbana (2); Est\u00e1gio Supervisionado em Geografia (2); Hist\u00f3ria Contempor\u00e2nea (1); Hist\u00f3ria do Brasil Republicano (1);<br \/>\n<strong>Centro de Ci\u00eancias da Sa\u00fade:<\/strong> Atividade de Academia e Promo\u00e7\u00e3o da Sa\u00fade (2); Movimento Humano (1);<br \/>\n<strong>Centro de Ci\u00eancias Sociais Aplicadas:<\/strong> Administra\u00e7\u00e3o (2); Direito (1); Economia (1);<br \/>\n<strong>Centro de Ci\u00eancias Exatas e Tecnol\u00f3gicas:<\/strong> Matem\u00e1tica para computa\u00e7\u00e3o (2); Engenharia de Software (1); Constru\u00e7\u00e3o Civil (2); Ensino de F\u00edsica (2); F\u00edsica Geral e Fundamental (1); Matem\u00e1tica Pura (3); Educa\u00e7\u00e3o Matem\u00e1tica (2); Estat\u00edstica (1);<br \/>\n<strong>Centro de Filosofia Letras e Educa\u00e7\u00e3o:<\/strong> Gest\u00e3o dos Processos Educativos na Educa\u00e7\u00e3o Infantil (1); Gest\u00e3o dos Processos Educativos nos Anos Iniciais (1); Fundamentos da Educa\u00e7\u00e3o (1); Linguagem na Educa\u00e7\u00e3o Infantil e Anos Iniciais do Ensino Fundamental (2); Gest\u00e3o de Processos Seletivos (2); Fundamentos em Educa\u00e7\u00e3o (2);<br \/>\n<strong>Centro de Ci\u00eancias Agr\u00e1rias e Biol\u00f3gicas:<\/strong> Zootecnia Geral (1).<\/p>\n<p><strong>Edital 002\/2021<\/strong><\/p>\n<p><strong>Centro de Ci\u00eancias da Sa\u00fade:<\/strong> Sistematiza\u00e7\u00e3o da Assist\u00eancia de Enfermagem (2); Enfermagem no Contexto do SUS (2); Anatomia e Fisiologia Humana Aplicada a Enfermagem (2);<\/p>\n<p><strong>Edital 003\/2021<\/strong><\/p>\n<p><strong>Centro de Ci\u00eancias Exatas e Tecnol\u00f3gicas:<\/strong> Qu\u00edmica Geral e Ensino de Qu\u00edmica (2); Qu\u00edmica Org\u00e2nica e B\u00e1sica (1); Qu\u00edmica Geral (1); Matem\u00e1tica aplicada \u00e0 Qu\u00edmica (1); F\u00edsica aplicada \u00e0 Qu\u00edmica (1);<br \/>\n<strong>Centro de Filosofia Letras e Educa\u00e7\u00e3o:<\/strong> Filosofia Geral (4); Ensino de L\u00edngua Portuguesa (1); Ensino de Literatura (2); Ensino de L\u00edngua Inglesa (1); Ensino de Latim (1); Ensino de Libras (1).<\/p>\n<h2>Remunera\u00e7\u00e3o<\/h2>\n<p>Contudo, o contrato ser\u00e1 em regime CLT e em jornadas de <strong>40 horas semanais<\/strong>, e os sal\u00e1rios variam entre <strong>R$ 1.974,55<\/strong> a <strong>R$ 5.641,54<\/strong>, de acordo com a titula\u00e7\u00e3o do professor em quest\u00e3o. <\/p>\n<h2>Inscri\u00e7\u00e3o<\/h2>\n<ul>\n<li><strong>Internet:<\/strong> as inscri\u00e7\u00f5es permanecem abertas a partir do dia <strong>04 de junho de 2021<\/strong> at\u00e9 o dia <strong>13 de junho de 2021<\/strong>, mediante acesso dos interessados ao endere\u00e7o eletr\u00f4nico <a href=\"http:\/\/concursos.uvanet.br\/\" target=\"_blank\" rel=\"noopener\">concursos.uvanet.br<\/a>.<\/li>\n<\/ul>\n<p><\/p>\n<p>A taxa de inscri\u00e7\u00e3o ser\u00e1 de <strong>R$ 100,00<\/strong>.<\/p>\n<h2>Provas<\/h2>\n<p>Todavia, os Processos Seletivos da UVA constar\u00e3o apenas de duas etapas, a saber:<\/p>\n<ol>\n<li><strong>Prova Escrita.<\/strong><\/li>\n<li><strong>Prova Did\u00e1tica.<\/strong><\/li>\n<\/ol>\n<h2>Resultado Processo Seletivo UVA<\/h2>\n<p>Por fim, a divulga\u00e7\u00e3o do resultado final das tr\u00eas sele\u00e7\u00f5es acontecer\u00e1 por meio do Quadro de Avisos da CEPS\/UVA e do endere\u00e7o eletr\u00f4nico concursos.uvanet.br.<\/p>\n","protected":false},"excerpt":{"rendered":"<p>Comunicado o lan\u00e7amento de tr\u00eas editais de Processo Seletivo da UVA (CE), cujo objetivo \u00e9 contratar 65 professores tempor\u00e1rios em diferentes \u00e1reas.<\/p>\n","protected":false},"author":7,"featured_media":168982,"comment_status":"open","ping_status":"open","sticky":false,"template":"","format":"standard","meta":{"_acf_changed":false,"_breakdance_hide_in_design_set":false,"_breakdance_tags":"","footnotes":""},"categories":[3,4,126,121,10,117,11,12,14,151,102,136,112,122,111,100,20,116,22,25,27,118,28],"tags":[43],"_amplo":[],"destaque":[],"instituicoes":[1186],"class_list":["post-168977","post","type-post","status-publish","format-standard","has-post-thumbnail","hentry","category-administracao","category-agronomia","category-ciencia-computacao","category-ciencias-sociais","category-direito","category-economia","category-educacao-fisica","category-enfermagem","category-engenharia","category-engenharia-computacao","category-engenharia-quimica","category-estatistica","category-filosofia","category-fisica","category-geografia","category-historia","category-letras","category-matematica","category-veterinaria","category-pedagogia","category-quimica","category-sociologia","category-zootecnia","tag-ceara","instituicoes-universidade-estadual-vale-do-acarau-uva"],"acf":{"_tipo_vagas":"vagas","_numero_vagas":65,"_quadro_vagas":null,"_cargos":"professores","_cargos_especificos":"","_salario_max":"R$","_abertura":"20210604","_encerramento":"20210613","_inscricoes":"","_executora_concurso":"","_instituicao_concurso":[1186],"_link_adicional":null,"_anexos":[{"_arquivo_anexo":168980,"_titulo_anexo":"Edital 001\/2021"},{"_arquivo_anexo":168979,"_titulo_anexo":"Edital 002\/2021"},{"_arquivo_anexo":168981,"_titulo_anexo":"Edital 003\/2021"}],"_produtos":null,"_vagas":"","_salario_min":"","_instituicao":"","_edital":"","_anexos_edital":"","_fund_incompleto":"","_fund_completo":"","_medio":"","_superior":""},"_links":{"self":[{"href":"https:\/\/www.agrobase.com.br\/concursos\/wp-json\/wp\/v2\/posts\/168977","targetHints":{"allow":["GET"]}}],"collection":[{"href":"https:\/\/www.agrobase.com.br\/concursos\/wp-json\/wp\/v2\/posts"}],"about":[{"href":"https:\/\/www.agrobase.com.br\/concursos\/wp-json\/wp\/v2\/types\/post"}],"author":[{"embeddable":true,"href":"https:\/\/www.agrobase.com.br\/concursos\/wp-json\/wp\/v2\/users\/7"}],"replies":[{"embeddable":true,"href":"https:\/\/www.agrobase.com.br\/concursos\/wp-json\/wp\/v2\/comments?post=168977"}],"version-history":[{"count":0,"href":"https:\/\/www.agrobase.com.br\/concursos\/wp-json\/wp\/v2\/posts\/168977\/revisions"}],"acf:term":[{"embeddable":true,"taxonomy":"instituicoes","href":"https:\/\/www.agrobase.com.br\/concursos\/wp-json\/wp\/v2\/instituicoes\/1186"}],"wp:featuredmedia":[{"embeddable":true,"href":"https:\/\/www.agrobase.com.br\/concursos\/wp-json\/wp\/v2\/media\/168982"}],"wp:attachment":[{"href":"https:\/\/www.agrobase.com.br\/concursos\/wp-json\/wp\/v2\/media?parent=168977"}],"wp:term":[{"taxonomy":"category","embeddable":true,"href":"https:\/\/www.agrobase.com.br\/concursos\/wp-json\/wp\/v2\/categories?post=168977"},{"taxonomy":"post_tag","embeddable":true,"href":"https:\/\/www.agrobase.com.br\/concursos\/wp-json\/wp\/v2\/tags?post=168977"},{"taxonomy":"_amplo","embeddable":true,"href":"https:\/\/www.agrobase.com.br\/concursos\/wp-json\/wp\/v2\/_amplo?post=168977"},{"taxonomy":"destaque","embeddable":true,"href":"https:\/\/www.agrobase.com.br\/concursos\/wp-json\/wp\/v2\/destaque?post=168977"},{"taxonomy":"instituicoes","embeddable":true,"href":"https:\/\/www.agrobase.com.br\/concursos\/wp-json\/wp\/v2\/instituicoes?post=168977"}],"curies":[{"name":"wp","href":"https:\/\/api.w.org\/{rel}","templated":true}]}}