{"id":168025,"date":"2021-06-18T15:21:11","date_gmt":"2021-06-18T18:21:11","guid":{"rendered":"https:\/\/www.agrobase.com.br\/concursos\/?p=168025"},"modified":"2021-06-18T15:24:50","modified_gmt":"2021-06-18T18:24:50","slug":"concurso-da-prefeitura-de-granja-ce-edital-001-e-002-2021","status":"publish","type":"post","link":"https:\/\/www.agrobase.com.br\/concursos\/2021\/concurso-da-prefeitura-de-granja-ce-edital-001-e-002-2021\/","title":{"rendered":"Concurso da Prefeitura de Granja &#8211; CE | Edital 001 e 002\/2021 [Reaberto]"},"content":{"rendered":"<p>A Prefeitura cearense de <a href=\"https:\/\/www.granja.ce.gov.br\/\" title=\"Prefeitura de Granja\" target=\"_blank\" rel=\"noopener\">Granja (CE)<\/a> divulga dois editais de Concurso P\u00fablico, contabilizando mais de 220 vagas.<\/p>\n<h2>Cargos e Remunera\u00e7\u00e3o<\/h2>\n<p>Conforme informa\u00e7\u00f5es pr\u00e9vias, s\u00e3o dois editais distintos, sendo um deles (Edital 001\/2021) com <strong>216 vagas<\/strong> para a Secretaria do Trabalho e Assist\u00eancia Social; Secretaria de Educa\u00e7\u00e3o; Fundo Geral; e Secretaria de Sa\u00fade.<\/p>\n<p>O outro edital (002\/2021) seleciona para <strong>07 vagas<\/strong> para o quadro funcional da Prefeitura.<\/p>\n<p>Ambos os editais de Concurso da Prefeitura de <a href=\"https:\/\/pt.wikipedia.org\/wiki\/Granja_(Cear\u00e1)\" title=\"Cidade de Granja\" target=\"_blank\" rel=\"noopener\">Granja<\/a> oferecem vagas sob a \u00e9gide do regime de contrata\u00e7\u00e3o estatut\u00e1rio. As remunera\u00e7\u00f5es estabelecidas permanecem com valores entre <strong>R$ 1.100,00<\/strong> e <strong>R$ 12.000,00<\/strong>, consideradas jornadas de trabalho mensais de <strong>100<\/strong> ou <strong>200 horas<\/strong>.<\/p>\n<p>Abaixo est\u00e3o os quadros de vagas referentes a cada um dos dois concursos abertos na cidade de Granja, nessa ocasi\u00e3o:<\/p>\n<p><strong>Clique abaixo para exibir o quadro de vagas do Concurso da Prefeitura de Granja &#8211; CE (Edital 001\/2021)<\/strong><br \/>\n<a target=\"_blank\" href=\"https:\/\/www.agrobase.com.br\/concursos\/wp-content\/uploads\/sites\/4\/2021\/05\/quadro-de-vagas-concurso-prefeitura-granja-001.pdf\" rel=\"noopener\"><img loading=\"lazy\" decoding=\"async\" src=\"https:\/\/www.agrobase.com.br\/concursos\/wp-content\/uploads\/sites\/4\/2021\/05\/quadro-de-vagas-do-concurso-publico-de-granja-ce.png\" alt=\"Vagas Concurso P\u00fablico Granja  (PDF)\" width=\"570\" height=\"160\" class=\"aligncenter size-full\" \/><\/a><\/p>\n<p><strong>Clique abaixo para exibir o quadro de vagas do Concurso da Prefeitura de Granja &#8211; CE (Edital 001\/2021)<\/strong><br \/>\n<a target=\"_blank\" href=\"https:\/\/www.agrobase.com.br\/concursos\/wp-content\/uploads\/sites\/4\/2021\/05\/quadro-de-vagas-concurso-prefeitura-granja-002.pdf\" rel=\"noopener\"><img loading=\"lazy\" decoding=\"async\" src=\"https:\/\/www.agrobase.com.br\/concursos\/wp-content\/uploads\/sites\/4\/2021\/05\/quadro-de-vagas-do-concurso-publico-de-granja.png\" alt=\"Vagas Concurso P\u00fablico Granja  (PDF)\" width=\"570\" height=\"160\" class=\"aligncenter size-full\" \/><\/a><\/p>\n<h2>Inscri\u00e7\u00f5es<\/h2>\n<ul>\n<li><strong>Internet:<\/strong> As inscri\u00e7\u00f5es estar\u00e3o abertas no per\u00edodo de <strong>17 de maio de 2021<\/strong> at\u00e9 o dia <strong>02 de julho de 2021<\/strong>, de acordo com o cronograma. E ser\u00e1 poss\u00edvel se inscrever por meio do endere\u00e7o eletr\u00f4nico www.consulpam.com.br.<\/li>\n<\/ul>\n<p>Sob cada inscri\u00e7\u00e3o ter\u00e1 uma taxa de inscri\u00e7\u00e3o:<\/p>\n<p><strong>R$ 65,00:<\/strong> N\u00cdVEL FUNDAMENTAL;<br \/>\n<strong>R$ 95,00:<\/strong> N\u00cdVEL M\u00c9DIO;<br \/>\n<strong>R$ 150,00:<\/strong> N\u00cdVEL SUPERIOR.<\/p>\n<h2>Provas<\/h2>\n<p>Como forma de sele\u00e7\u00e3o os candidatos de ambas as sele\u00e7\u00f5es ser\u00e3o avaliados mediante a aplica\u00e7\u00e3o de:<\/p>\n<ol>\n<li><strong>Prova Objetiva.<\/strong><\/li>\n<li><strong>Prova de T\u00edtulos.<\/strong><\/li>\n<li><strong>Prova de Aptid\u00e3o F\u00edsica.<\/strong><\/li>\n<li><strong>Avalia\u00e7\u00e3o Psicol\u00f3gica.<\/strong><\/li>\n<\/ol>\n<p>As aplica\u00e7\u00f5es das provas est\u00e3o previstas para os dias: <strong>29 de agosto de 2021<\/strong> (<em>edital 001\/2021<\/em>) e dia <strong>05 de setembro de 2021<\/strong> (<em>edital 002\/2021<\/em>).<\/p>\n<h2>Resultado<\/h2>\n<p>\u00c9 de inteira responsabilidade do candidato manter seu cadastro (endere\u00e7o e telefone) atualizado at\u00e9 a publica\u00e7\u00e3o do resultado final junto ao Instituto Consulpam.<\/p>\n","protected":false},"excerpt":{"rendered":"<p>A Prefeitura cearense de Granja (CE) divulga dois editais de Concurso P\u00fablico, contabilizando mais de 220 vagas.<\/p>\n","protected":false},"author":7,"featured_media":168026,"comment_status":"open","ping_status":"open","sticky":false,"template":"","format":"standard","meta":{"_acf_changed":false,"_breakdance_hide_in_design_set":false,"_breakdance_tags":"","footnotes":""},"categories":[11,12,14,18,19,111,100,20,116,21,24,25,26,101,29,108,134],"tags":[43],"_amplo":[],"destaque":[],"instituicoes":[5904],"class_list":["post-168025","post","type-post","status-publish","format-standard","has-post-thumbnail","hentry","category-educacao-fisica","category-enfermagem","category-engenharia","category-fisioterapia","category-fonoaudiologia","category-geografia","category-historia","category-letras","category-matematica","category-medicina","category-odontologia","category-pedagogia","category-psicologia","category-servico-social","category-tecnico-agricola","category-tecnico-enfermagem","category-terapia-ocupacional","tag-ceara","instituicoes-prefeitura-municipal-de-granja-ce"],"acf":{"_tipo_vagas":"vagas","_numero_vagas":223,"_quadro_vagas":null,"_cargos":"diversos","_cargos_especificos":"","_salario_max":"R$","_abertura":"20210517","_encerramento":"20210702","_inscricoes":"","_executora_concurso":39186,"_instituicao_concurso":[5904],"_link_adicional":null,"_anexos":[{"_arquivo_anexo":169724,"_titulo_anexo":"Edital 001\/2021 (Atualizado)"},{"_arquivo_anexo":169725,"_titulo_anexo":"Edital 002\/2021 (Atualizado)"}],"_produtos":null,"_vagas":"","_salario_min":"","_instituicao":"","_edital":"","_anexos_edital":"","_fund_incompleto":"","_fund_completo":"","_medio":"","_superior":""},"_links":{"self":[{"href":"https:\/\/www.agrobase.com.br\/concursos\/wp-json\/wp\/v2\/posts\/168025","targetHints":{"allow":["GET"]}}],"collection":[{"href":"https:\/\/www.agrobase.com.br\/concursos\/wp-json\/wp\/v2\/posts"}],"about":[{"href":"https:\/\/www.agrobase.com.br\/concursos\/wp-json\/wp\/v2\/types\/post"}],"author":[{"embeddable":true,"href":"https:\/\/www.agrobase.com.br\/concursos\/wp-json\/wp\/v2\/users\/7"}],"replies":[{"embeddable":true,"href":"https:\/\/www.agrobase.com.br\/concursos\/wp-json\/wp\/v2\/comments?post=168025"}],"version-history":[{"count":0,"href":"https:\/\/www.agrobase.com.br\/concursos\/wp-json\/wp\/v2\/posts\/168025\/revisions"}],"acf:term":[{"embeddable":true,"taxonomy":"instituicoes","href":"https:\/\/www.agrobase.com.br\/concursos\/wp-json\/wp\/v2\/instituicoes\/5904"}],"acf:post":[{"embeddable":true,"href":"https:\/\/www.agrobase.com.br\/concursos\/wp-json\/wp\/v2\/executora\/39186"}],"wp:featuredmedia":[{"embeddable":true,"href":"https:\/\/www.agrobase.com.br\/concursos\/wp-json\/wp\/v2\/media\/168026"}],"wp:attachment":[{"href":"https:\/\/www.agrobase.com.br\/concursos\/wp-json\/wp\/v2\/media?parent=168025"}],"wp:term":[{"taxonomy":"category","embeddable":true,"href":"https:\/\/www.agrobase.com.br\/concursos\/wp-json\/wp\/v2\/categories?post=168025"},{"taxonomy":"post_tag","embeddable":true,"href":"https:\/\/www.agrobase.com.br\/concursos\/wp-json\/wp\/v2\/tags?post=168025"},{"taxonomy":"_amplo","embeddable":true,"href":"https:\/\/www.agrobase.com.br\/concursos\/wp-json\/wp\/v2\/_amplo?post=168025"},{"taxonomy":"destaque","embeddable":true,"href":"https:\/\/www.agrobase.com.br\/concursos\/wp-json\/wp\/v2\/destaque?post=168025"},{"taxonomy":"instituicoes","embeddable":true,"href":"https:\/\/www.agrobase.com.br\/concursos\/wp-json\/wp\/v2\/instituicoes?post=168025"}],"curies":[{"name":"wp","href":"https:\/\/api.w.org\/{rel}","templated":true}]}}