{"id":166031,"date":"2021-04-06T15:44:22","date_gmt":"2021-04-06T18:44:22","guid":{"rendered":"https:\/\/www.agrobase.com.br\/concursos\/?p=166031"},"modified":"2021-05-11T15:48:39","modified_gmt":"2021-05-11T18:48:39","slug":"processo-seletivo-de-buritis-mg-edital-003-2021","status":"publish","type":"post","link":"https:\/\/www.agrobase.com.br\/concursos\/2021\/processo-seletivo-de-buritis-mg-edital-003-2021\/","title":{"rendered":"Processo Seletivo de Buritis &#8211; MG | Edital 003\/2021"},"content":{"rendered":"<p>Aberto Processo Seletivo para contrata\u00e7\u00e3o de pessoal tempor\u00e1rio para a Prefeitura de <a href=\"https:\/\/www.buritis.mg.gov.br\/\" title=\"Prefeitura de Buritis\" target=\"_blank\" rel=\"noopener\">Buritis (MG)<\/a>, a disponibilidade \u00e9 de mais de 370 vagas.<\/p>\n<h2>Cargos e Remunera\u00e7\u00e3o<\/h2>\n<p>Destaque para as remunera\u00e7\u00f5es, que variam de <strong>R$ 1.100,00<\/strong> a <strong>R$ 5.904,51<\/strong>, para atua\u00e7\u00f5es em jornadas de <strong>20h<\/strong>, <strong>24h<\/strong>, <strong>25h<\/strong>, <strong>30h<\/strong> ou <strong>40 horas semanais<\/strong>. Segundo o edital 003\/2021 as vagas poder\u00e3o ser concorridas por profissionais com escolaridade em n\u00edvel fundamental, m\u00e9dio, t\u00e9cnico e superior, conforme a fun\u00e7\u00e3o de interesse.<\/p>\n<p>O quadro de vagas abaixo detalha os requisitos para cada uma das vagas propostas pelo Processo Seletivo da Prefeitura de <a href=\"https:\/\/pt.wikipedia.org\/wiki\/Buritis_(Minas_Gerais)\" title=\"Cidade de Buritis\" target=\"_blank\" rel=\"noopener\">Buritis<\/a>:<\/p>\n<p><strong>Clique abaixo para exibir o quadro de vagas do Processo Seletivo de Buritis &#8211; MG (Edital 003\/2021)<\/strong><br \/>\n<a target=\"_blank\" href=\"https:\/\/www.agrobase.com.br\/concursos\/wp-content\/uploads\/sites\/4\/2021\/04\/quadro-de-vagas-do-processo-seletivo-buritis-mg.pdf\" rel=\"noopener\"><img loading=\"lazy\" decoding=\"async\" src=\"https:\/\/www.agrobase.com.br\/concursos\/wp-content\/uploads\/sites\/4\/2021\/04\/quadro-de-vagas-do-processo-seletivo-de-buritis-mg.png\" alt=\"Vagas Concurso P\u00fablico Buritis (PDF)\" width=\"570\" height=\"160\" class=\"aligncenter size-full\" \/><\/a><\/p>\n<h2>Inscri\u00e7\u00e3o<\/h2>\n<ul>\n<li><strong>Internet:<\/strong> o in\u00edcio do recebimento das inscri\u00e7\u00f5es se dar\u00e1 a parti do dia <strong>22 de abril de 2021<\/strong>, e seguir\u00e1 aberto at\u00e9 o dia <strong>29 de abril de 2021<\/strong>, durante esse per\u00edodo ser\u00e1 necess\u00e1rio o acesso ao endere\u00e7o eletr\u00f4nico <a href=\"https:\/\/seapconcursos.listaeditais.com.br\/edital\/ver\/2728\" rel=\"noopener\" target=\"_blank\">seapconcursos.listaeditais.com.br<\/a>, para preenchimento de ficha de inscri\u00e7\u00e3o.<\/li>\n<\/ul>\n<p>As inscri\u00e7\u00f5es s\u00f3 ser\u00e3o validadas mediante pagamento da taxa de inscri\u00e7\u00e3o, cujos valores s\u00e3o de:<\/p>\n<p><strong>R$ 100,00:<\/strong> N\u00edvel Superior Completo;<br \/>\n<strong>R$ 55,00:<\/strong> N\u00edvel M\u00e9dio e T\u00e9cnico Completo;<br \/>\n<strong>R$ 40,00:<\/strong> N\u00edvel Alfabetizado e Fundamental.<\/p>\n<h2>Provas<\/h2>\n<p>As tr\u00eas etapas mencionadas abaixo fazem parte da sele\u00e7\u00e3o de Buritis:<\/p>\n<ol>\n<li><strong>Provas Objetivas:<\/strong> para todos os cargos, de car\u00e1ter Eliminat\u00f3rio e Classificat\u00f3rio.<\/li>\n<li><strong>Prova Pr\u00e1tica:<\/strong> para todos os cargos de motorista e operador de m\u00e1quinas leves e pesadas.<\/li>\n<li><strong>Prova de T\u00edtulos:<\/strong> para todos os cargos de N\u00edvel Superior, de car\u00e1ter apenas Classificat\u00f3rio.<\/li>\n<\/ol>\n<h2>Gabarito e Resultado<\/h2>\n<p>O gabarito estar\u00e1 dispon\u00edvel no dia ap\u00f3s a aplica\u00e7\u00e3o da prova objetiva. \u00c9 de responsabilidade do candidato o acompanhamento de todos os atos publicados referentes a este PROCESSO SELETIVO, no Quadro de Avisos da PREFEITURA MUNICIPAL DE BURITIS\/MG e no endere\u00e7o eletr\u00f4nico seapconcursos.listaeditais.com.br.<\/p>\n","protected":false},"excerpt":{"rendered":"<p>Aberto Processo Seletivo para contrata\u00e7\u00e3o de pessoal tempor\u00e1rio para a Prefeitura de Buritis (MG), a disponibilidade \u00e9 de mais de 370 vagas.<\/p>\n","protected":false},"author":7,"featured_media":166035,"comment_status":"open","ping_status":"open","sticky":false,"template":"","format":"standard","meta":{"_acf_changed":false,"_breakdance_hide_in_design_set":false,"_breakdance_tags":"","footnotes":""},"categories":[3,10,141,11,12,14,17,18,19,111,100,20,116,21,22,23,25,26,101,29,108,130,143,134],"tags":[50],"_amplo":[],"destaque":[],"instituicoes":[5370],"class_list":["post-166031","post","type-post","status-publish","format-standard","has-post-thumbnail","hentry","category-administracao","category-direito","category-educacao-artistica","category-educacao-fisica","category-enfermagem","category-engenharia","category-farmacia","category-fisioterapia","category-fonoaudiologia","category-geografia","category-historia","category-letras","category-matematica","category-medicina","category-veterinaria","category-nutricao","category-pedagogia","category-psicologia","category-servico-social","category-tecnico-agricola","category-tecnico-enfermagem","category-tecnico-informatica","category-tecnico-odontologia","category-terapia-ocupacional","tag-minas-gerais","instituicoes-prefeitura-municipal-de-buritis-mg"],"acf":{"_tipo_vagas":"vagas","_numero_vagas":379,"_quadro_vagas":null,"_cargos":"diversos","_cargos_especificos":"","_salario_max":"R$","_abertura":"20210422","_encerramento":"20210429","_inscricoes":"","_executora_concurso":40695,"_instituicao_concurso":[5370],"_link_adicional":null,"_anexos":[{"_arquivo_anexo":166034,"_titulo_anexo":"Edital 003\/2021"}],"_produtos":null,"_vagas":"","_salario_min":"","_instituicao":"","_edital":"","_anexos_edital":"","_fund_incompleto":"","_fund_completo":"","_medio":"","_superior":""},"_links":{"self":[{"href":"https:\/\/www.agrobase.com.br\/concursos\/wp-json\/wp\/v2\/posts\/166031","targetHints":{"allow":["GET"]}}],"collection":[{"href":"https:\/\/www.agrobase.com.br\/concursos\/wp-json\/wp\/v2\/posts"}],"about":[{"href":"https:\/\/www.agrobase.com.br\/concursos\/wp-json\/wp\/v2\/types\/post"}],"author":[{"embeddable":true,"href":"https:\/\/www.agrobase.com.br\/concursos\/wp-json\/wp\/v2\/users\/7"}],"replies":[{"embeddable":true,"href":"https:\/\/www.agrobase.com.br\/concursos\/wp-json\/wp\/v2\/comments?post=166031"}],"version-history":[{"count":0,"href":"https:\/\/www.agrobase.com.br\/concursos\/wp-json\/wp\/v2\/posts\/166031\/revisions"}],"acf:term":[{"embeddable":true,"taxonomy":"instituicoes","href":"https:\/\/www.agrobase.com.br\/concursos\/wp-json\/wp\/v2\/instituicoes\/5370"}],"acf:post":[{"embeddable":true,"href":"https:\/\/www.agrobase.com.br\/concursos\/wp-json\/wp\/v2\/executora\/40695"}],"wp:featuredmedia":[{"embeddable":true,"href":"https:\/\/www.agrobase.com.br\/concursos\/wp-json\/wp\/v2\/media\/166035"}],"wp:attachment":[{"href":"https:\/\/www.agrobase.com.br\/concursos\/wp-json\/wp\/v2\/media?parent=166031"}],"wp:term":[{"taxonomy":"category","embeddable":true,"href":"https:\/\/www.agrobase.com.br\/concursos\/wp-json\/wp\/v2\/categories?post=166031"},{"taxonomy":"post_tag","embeddable":true,"href":"https:\/\/www.agrobase.com.br\/concursos\/wp-json\/wp\/v2\/tags?post=166031"},{"taxonomy":"_amplo","embeddable":true,"href":"https:\/\/www.agrobase.com.br\/concursos\/wp-json\/wp\/v2\/_amplo?post=166031"},{"taxonomy":"destaque","embeddable":true,"href":"https:\/\/www.agrobase.com.br\/concursos\/wp-json\/wp\/v2\/destaque?post=166031"},{"taxonomy":"instituicoes","embeddable":true,"href":"https:\/\/www.agrobase.com.br\/concursos\/wp-json\/wp\/v2\/instituicoes?post=166031"}],"curies":[{"name":"wp","href":"https:\/\/api.w.org\/{rel}","templated":true}]}}