{"id":165728,"date":"2021-03-30T14:24:15","date_gmt":"2021-03-30T17:24:15","guid":{"rendered":"https:\/\/www.agrobase.com.br\/concursos\/?p=165728"},"modified":"2021-03-30T14:24:15","modified_gmt":"2021-03-30T17:24:15","slug":"a-prefeitura-de-iaras-abre-processo-seletivo-e-concurso-publico","status":"publish","type":"post","link":"https:\/\/www.agrobase.com.br\/concursos\/2021\/a-prefeitura-de-iaras-abre-processo-seletivo-e-concurso-publico\/","title":{"rendered":"A Prefeitura de Iaras abre Processo Seletivo e Concurso P\u00fablico"},"content":{"rendered":"<p><a href=\"http:\/\/iaras.sp.gov.br\/\" title=\"Prefeitura de Iaras\" target=\"_blank\" rel=\"noopener\">Iaras<\/a>, no estado de S\u00e3o Paulo, abre as inscri\u00e7\u00f5es para um Processo Seletivo e um Concurso P\u00fablico, visando preenchimento de vagas efetivas e tempor\u00e1rias, providas sob regime Celetista.<\/p>\n<h2>Cargos e Remunera\u00e7\u00e3o<\/h2>\n<p>De acordo com os editais de abertura 001\/2021 correspondentes ao Processo Seletivo e ao Concurso P\u00fablico da Prefeitura de <a href=\"https:\/\/pt.wikipedia.org\/wiki\/Iaras\" title=\"Cidade de Iaras\" target=\"_blank\" rel=\"noopener\">Iaras<\/a>, se somadas s\u00e3o <strong>44 vagas<\/strong>, divididas da seguinte forma entre os editais de sele\u00e7\u00e3o divulgados:<\/p>\n<p><strong>Concurso P\u00fablico Edital n\u00ba 001\/2021:<\/strong> Agente Comunit\u00e1rio de Sa\u00fade (1), Enfermeiro (1), M\u00e9dico Cl\u00ednico Geral PSF (1) e T\u00e9cnico de Enfermagem (1).<\/p>\n<p><strong>Processo Seletivo Edital n\u00ba 001\/2021:<\/strong> Agente Comunit\u00e1rio de Sa\u00fade (1), Assistente Social (1), Atendente de Farm\u00e1cia (1), Atendente de Sa\u00fade (1), Cirurgi\u00e3o Dentista (1), Coordenador Pedag\u00f3gico (1), Cozinheira Merendeira (1), Cuidador (1), Dentista PSF (1), Enfermeiro (1), Escritur\u00e1rio (1), Farmac\u00eautico (1), Inspetor de Alunos (1), Mec\u00e2nico I (1), M\u00e9dico Cl\u00ednico Geral PSF (1), Motorista Servi\u00e7os Gerais (1), Nutricionista (1), Operador de M\u00e1quina I (1), Pajem (1), Pajem 12 X 36 (1), PEB I (1), PEB II de: Ci\u00eancias (1), Educa\u00e7\u00e3o Art\u00edstica (1), Educa\u00e7\u00e3o Especial (1), Educa\u00e7\u00e3o F\u00edsica (1), Geografia (1), Hist\u00f3ria (1), Ingl\u00eas (1), Matem\u00e1tica (1), Portugu\u00eas (1), Professor de Educa\u00e7\u00e3o Infantil (1), Professor Substituto de primeiro a quarta s\u00e9rie PEB I (1), Psic\u00f3logo (1), Recepcionista (1), Servi\u00e7os Gerais feminino (1), Servi\u00e7os Gerais masculino (1), T\u00e9cnico em Enfermagem (1), T\u00e9cnico em Enfermagem PSF (1), Tratorista Servi\u00e7os Gerais (1) e Vigia (1).<\/p>\n<p>Os sal\u00e1rios das oportunidades s\u00e3o de <strong>R$ 1.100,00<\/strong> e <strong>R$ 10.222,00<\/strong>, para desempenhar atividades em jornadas semanais de <strong>20h<\/strong>, <strong>30h<\/strong> ou <strong>40 horas<\/strong>.<\/p>\n<h2>Inscri\u00e7\u00e3o<\/h2>\n<p>Observem os detalhes com realiza\u00e7\u00e3o das inscri\u00e7\u00f5es:<br \/>\n<strong>Local de Inscri\u00e7\u00e3o:<\/strong> pela Internet no endere\u00e7o eletr\u00f4nico www.consesp.com.br.<br \/>\n<strong>Per\u00edodo de Inscri\u00e7\u00f5es:<\/strong> <strong>19 de mar\u00e7o de 2021<\/strong> a <strong>04 de abril de 2021<\/strong>.<br \/>\n<strong>Taxa de Inscri\u00e7\u00e3o:<\/strong> <strong>R$ 35,00:<\/strong> Ensino Fundamental; <strong>R$ 45,00:<\/strong> Ensino M\u00e9dio e T\u00e9cnico; e <strong>R$ 50,00:<\/strong> Ensino Superior.<\/p>\n<h2>Provas<\/h2>\n<p>Os candidatos inscritos nos certames da Prefeitura de Iaras, ser\u00e3o submetidos \u00e0s provas, a saber:<\/p>\n<ol>\n<li><strong>Prova Objetiva.<\/strong><\/li>\n<li><strong>Prova Pr\u00e1tica<\/strong>.<\/li>\n<li><strong>Prova de T\u00edtulos<\/strong>.<\/li>\n<\/ol>\n<p>Cada edital possui um cronograma de aplica\u00e7\u00e3o pr\u00f3prio, sendo assim \u00e9 necess\u00e1rio consult\u00e1-los ao final dessa not\u00edcia para saber das datas de aplica\u00e7\u00e3o das provas acima.<\/p>\n<h2>Resultados<\/h2>\n<p>Todos os casos, problemas ou quest\u00f5es que surgirem e que n\u00e3o tenham sido expressamente previstos no presente Edital e Lei Org\u00e2nica Municipal ser\u00e3o resolvidos em comum pela Prefeitura e CONSESP \u2013 Concursos, Resid\u00eancias M\u00e9dicas, Avalia\u00e7\u00f5es e Pesquisas Ltda.<\/p>\n<h6>A a\u00e7\u00e3o de acompanhamento das retifica\u00e7\u00f5es e altera\u00e7\u00f5es de datas \u00e9 de inteira responsabilidade dos candidatos. Tudo ser\u00e1 divulgado pelo endere\u00e7o eletr\u00f4nico www.consesp.com.br.<\/h6>\n","protected":false},"excerpt":{"rendered":"<p>Iaras, no estado de S\u00e3o Paulo, abre as inscri\u00e7\u00f5es para um Processo Seletivo e um Concurso P\u00fablico, visando preenchimento de vagas efetivas e tempor\u00e1rias, providas sob regime Celetista.<\/p>\n","protected":false},"author":7,"featured_media":165731,"comment_status":"open","ping_status":"open","sticky":false,"template":"","format":"standard","meta":{"_acf_changed":false,"_breakdance_hide_in_design_set":false,"_breakdance_tags":"","footnotes":""},"categories":[141,11,12,17,111,100,20,116,21,23,24,25,26,101,108],"tags":[62],"_amplo":[],"destaque":[],"instituicoes":[2321],"class_list":["post-165728","post","type-post","status-publish","format-standard","has-post-thumbnail","hentry","category-educacao-artistica","category-educacao-fisica","category-enfermagem","category-farmacia","category-geografia","category-historia","category-letras","category-matematica","category-medicina","category-nutricao","category-odontologia","category-pedagogia","category-psicologia","category-servico-social","category-tecnico-enfermagem","tag-sao-paulo","instituicoes-prefeitura-municipal-de-iaras-sp-2"],"acf":{"_tipo_vagas":"vagas","_numero_vagas":44,"_quadro_vagas":null,"_cargos":"diversos","_cargos_especificos":"","_salario_max":"R$","_abertura":"20210319","_encerramento":"20210404","_inscricoes":"","_executora_concurso":39238,"_instituicao_concurso":[2321],"_link_adicional":null,"_anexos":[{"_arquivo_anexo":165729,"_titulo_anexo":"Edital 001\/2021 (PSS)"},{"_arquivo_anexo":165730,"_titulo_anexo":"Edital 001\/2021 (CP)"}],"_produtos":null,"_vagas":"","_salario_min":"","_instituicao":"","_edital":"","_anexos_edital":"","_fund_incompleto":"","_fund_completo":"","_medio":"","_superior":""},"_links":{"self":[{"href":"https:\/\/www.agrobase.com.br\/concursos\/wp-json\/wp\/v2\/posts\/165728","targetHints":{"allow":["GET"]}}],"collection":[{"href":"https:\/\/www.agrobase.com.br\/concursos\/wp-json\/wp\/v2\/posts"}],"about":[{"href":"https:\/\/www.agrobase.com.br\/concursos\/wp-json\/wp\/v2\/types\/post"}],"author":[{"embeddable":true,"href":"https:\/\/www.agrobase.com.br\/concursos\/wp-json\/wp\/v2\/users\/7"}],"replies":[{"embeddable":true,"href":"https:\/\/www.agrobase.com.br\/concursos\/wp-json\/wp\/v2\/comments?post=165728"}],"version-history":[{"count":0,"href":"https:\/\/www.agrobase.com.br\/concursos\/wp-json\/wp\/v2\/posts\/165728\/revisions"}],"acf:term":[{"embeddable":true,"taxonomy":"instituicoes","href":"https:\/\/www.agrobase.com.br\/concursos\/wp-json\/wp\/v2\/instituicoes\/2321"}],"acf:post":[{"embeddable":true,"href":"https:\/\/www.agrobase.com.br\/concursos\/wp-json\/wp\/v2\/executora\/39238"}],"wp:featuredmedia":[{"embeddable":true,"href":"https:\/\/www.agrobase.com.br\/concursos\/wp-json\/wp\/v2\/media\/165731"}],"wp:attachment":[{"href":"https:\/\/www.agrobase.com.br\/concursos\/wp-json\/wp\/v2\/media?parent=165728"}],"wp:term":[{"taxonomy":"category","embeddable":true,"href":"https:\/\/www.agrobase.com.br\/concursos\/wp-json\/wp\/v2\/categories?post=165728"},{"taxonomy":"post_tag","embeddable":true,"href":"https:\/\/www.agrobase.com.br\/concursos\/wp-json\/wp\/v2\/tags?post=165728"},{"taxonomy":"_amplo","embeddable":true,"href":"https:\/\/www.agrobase.com.br\/concursos\/wp-json\/wp\/v2\/_amplo?post=165728"},{"taxonomy":"destaque","embeddable":true,"href":"https:\/\/www.agrobase.com.br\/concursos\/wp-json\/wp\/v2\/destaque?post=165728"},{"taxonomy":"instituicoes","embeddable":true,"href":"https:\/\/www.agrobase.com.br\/concursos\/wp-json\/wp\/v2\/instituicoes?post=165728"}],"curies":[{"name":"wp","href":"https:\/\/api.w.org\/{rel}","templated":true}]}}