{"id":163955,"date":"2021-02-25T11:14:26","date_gmt":"2021-02-25T14:14:26","guid":{"rendered":"https:\/\/www.agrobase.com.br\/concursos\/?p=163955"},"modified":"2021-02-25T11:25:45","modified_gmt":"2021-02-25T14:25:45","slug":"divulgados-quatro-editais-de-processo-seletivo-sao-gabriel-da-cachoeira-am","status":"publish","type":"post","link":"https:\/\/www.agrobase.com.br\/concursos\/2021\/divulgados-quatro-editais-de-processo-seletivo-sao-gabriel-da-cachoeira-am\/","title":{"rendered":"Divulgados quatro editais de Processo Seletivo S\u00e3o Gabriel da Cachoeira &#8211; AM"},"content":{"rendered":"<p>Abertas as inscri\u00e7\u00f5es para quatro editais de Processo Seletivo de <a href=\"https:\/\/pt.wikipedia.org\/wiki\/S\u00e3o_Gabriel_da_Cachoeira\" title=\"Prefeitura de S\u00e3o Gabriel da Cachoeira\" target=\"_blank\" rel=\"noopener\">S\u00e3o Gabriel da Cachoeira (AM)<\/a>, essas sele\u00e7\u00f5es devem preencher mais de 800 vagas no quadro tempor\u00e1rio do funcionalismo p\u00fablico local.<\/p>\n<h2>Cargos e Remunera\u00e7\u00e3o<\/h2>\n<p>Conforme pode ser constatado em cada um dos quatro editais, ser\u00e3o <strong>859 vagas<\/strong>, divididas da forma seguinte entre os editais disponibilizados pela Prefeitura de S\u00e3o Gabriel da Cachoeira:<\/p>\n<p>O <strong>Edital 001\/2021<\/strong> apresenta <strong>449 vagas<\/strong> divididas entre os cargos seguintes: Professor Ind\u00edgena I &#8211; pr\u00e9-escola ao quinto ano do ensino fundamental e primeiro segmento da Educa\u00e7\u00e3o de Jovens e Adultos (EJA) (242); Professor I &#8211; Educa\u00e7\u00e3o Infantil (11); Professor I &#8211; primeiro ao quinto ano do ensino fundamental, com habilita\u00e7\u00e3o em letras &#8211; l\u00edngua espanhola; Professor I &#8211; primeiro ao quinto ano do ensino fundamental, habilitado em letras-libras e fluente em L\u00edngua Brasileira de Sinais (1); Professor I &#8211; Artes (1); Professor Ind\u00edgena II &#8211; sexto ao nono ano do ensino fundamental e segundo segmento da Educa\u00e7\u00e3o de Jovens e Adultos (EJA) (162); Professor II &#8211; sexto ao novo ano do ensino fundamental com habilita\u00e7\u00e3o em letras-l\u00edngua espanhola (14); Professor II &#8211; sexto ao novo ano do ensino fundamental com habilita\u00e7\u00e3o em letras-l\u00edngua inglesa (17); Pedagogo &#8211; educa\u00e7\u00e3o infantil, ensino fundamental e EJA (1);<\/p>\n<p>No <strong>Edital 002\/2021<\/strong> encontram-se <strong>53 vagas<\/strong> para: Assistente Social; Psic\u00f3logo (1); Antrop\u00f3logo (1); Nutricionista (1); Auxiliar de Ensino; Auxiliar de Apoio e Desenvolvimento ao aluno com necessidades educacionais especiais (20); T\u00e9cnico em Nutri\u00e7\u00e3o; Cozinheiro Geral\/Merendeiro; Agente Administrativo (exclusivo para escolas do interior) (6); Servi\u00e7os Gerais (21); Vigia (3);<\/p>\n<p><strong>Edital 003\/2021<\/strong>, nesse documento est\u00e3o <strong>182 vagas<\/strong> para os cargos de: M\u00e9dico (2); Enfermeiro (5); Assistente Social (2); Biom\u00e9dico (2); Dentista (10); Farmac\u00eautico (2); Fisioterapeuta (1); Fonoaudi\u00f3logo; Gestor em Sa\u00fade Coletiva (4); M\u00e9dico Veterin\u00e1rio (1); Nutricionista (1); Psic\u00f3logo (2); Educador F\u00edsico (3); T\u00e9cnico de Enfermagem (10); Motorista Ve\u00edculos Leves (2); Motorista Ve\u00edculos Pesado (5); Ag. Vigil\u00e2ncia Sanit\u00e1ria (4); Ag. Comunit\u00e1rio de Sa\u00fade (54); Agente de Combate \u00e0s Endemias (50); Auxiliar de Sa\u00fade Bucal (11); Cozinheiro; T\u00e9cnico de Laborat\u00f3rio; T\u00e9cnico de Nutri\u00e7\u00e3o; T\u00e9cnico de Pr\u00f3tese Dent\u00e1ria (2); T\u00e9cnico de Sa\u00fade Bucal (1); Terapeuta Ocupacional (1); Auxiliar de Servi\u00e7os Gerais (2); Agente Administrativo (5).<\/p>\n<p>Ao total, no <strong>Edital 004\/2021<\/strong> est\u00e3o 184 vagas divididas entre as fun\u00e7\u00f5es de: Agente Administrativo (5); Agente de Fiscaliza\u00e7\u00e3o (6); Assistente Administrativo (5); Assistente Social (3); Auxiliar de Mec\u00e3nico (2); Auxiliar de Servi\u00e7os Gerais (64); Arquiteto (1); Bombeiro Hidr\u00e1ulico (5); Boreacheiro (2); Carpinteiro\/Marcineiro (6); Coveiro (3); Eletricista de Alta Tens\u00e3o (3); Eletricista de Ve\u00edculo (1); Enhenheiro Civil; Gari (20); Fiscal de Tributos; Locutor (2); Mec\u00e2nico Lanterneiro (1); Piloto Fluvial (7); Motorista de Ve\u00edculos de Grande Porte (2); Motorista de Ve\u00edculos Leves (1); Operador de \u00c1udio (2); Operador de Bomba (6); Pedreiro (9); Pintor (9); Psic\u00f3logo (2); Soldador (2); T\u00e9cnico Agr\u00edcola (3); T\u00e9cnico Ambiental (2); T\u00e9cnico em Edifica\u00e7\u00f5es (4); Vigia (6).<\/p>\n<p>Os valores das remunera\u00e7\u00f5es, no caso dos quatro editais, ficam entre os valores de <strong>R$ 1.100,00<\/strong> a <strong>R$ 6.423,00<\/strong>, conforme o cargo concorrido.<\/p>\n<h2>Inscri\u00e7\u00e3o<\/h2>\n<p>Cada edital tem seu per\u00edodo de inscri\u00e7\u00f5es, de <strong>25 de fevereiro de 2021<\/strong> a <strong>03 de mar\u00e7o de 2021<\/strong> nos editais 001, 002 e 004, e nos dias 24 e 25 para o edital 003:<\/p>\n<ul>\n<li><strong>Presencial:<\/strong> mediante comparecimento, das 08h \u00e0s 17h, nos locais abaixo:<\/li>\n<\/ul>\n<p>Edital 001\/2021 e 002\/2021: na Secretaria Municipal de Educa\u00e7\u00e3o, que fica na Travessa Carlos Teixeira, s\/n, Fortaleza. As fichas ser\u00e3o distribu\u00eddas gratuitamente e podem ser retiradas na Secretaria Municipal de Educa\u00e7\u00e3o (Semed), Associa\u00e7\u00e3o de Professores Ind\u00edgenas do Alto Rio Negro (Apiarn), Federa\u00e7\u00e3o das Organiza\u00e7\u00f5es Ind\u00edgenas do Rio Negro (Foirn), Prefeitura e polos de inscri\u00e7\u00e3o.<\/p>\n<p>Edital 003\/2021 e 004\/2021: das 8h \u00e0s 12h e das 14h \u00e0s 17h ao edital 003, e das 8h \u00e0s 14h ao edital 004, no Gin\u00e1sio Arnaldo Coimbra, que fica na avenida Castelo branco, Centro. Para estas sele\u00e7\u00f5es, \u00e9 necess\u00e1ria a entrega do curr\u00edculo com foto e dos demais documentos descritos nos editais.<\/p>\n<h2>Provas<\/h2>\n<ol>\n<li><strong>An\u00e1lise de Curr\u00edculo.<\/strong> De car\u00e1ter eliminat\u00f3rio e classificat\u00f3rio.<\/li>\n<\/ol>\n<h2>Resultado<\/h2>\n<p>O resultado final est\u00e1 previamente agendado para ser divulgado no dia <strong>23 de mar\u00e7o de 2021<\/strong>.<\/p>\n","protected":false},"excerpt":{"rendered":"<p>Abertas as inscri\u00e7\u00f5es para quatro editais de Processo Seletivo de S\u00e3o Gabriel da Cachoeira (AM), essas sele\u00e7\u00f5es devem preencher mais de 800 vagas no quadro tempor\u00e1rio do funcionalismo p\u00fablico local.<\/p>\n","protected":false},"author":7,"featured_media":163963,"comment_status":"open","ping_status":"open","sticky":false,"template":"","format":"standard","meta":{"_acf_changed":false,"_breakdance_hide_in_design_set":false,"_breakdance_tags":"","footnotes":""},"categories":[5,7,121,141,11,12,14,17,18,19,20,21,22,23,24,25,26,101,29,30,31,108,161,143,134],"tags":[41],"_amplo":[],"destaque":[],"instituicoes":[2699],"class_list":["post-163955","post","type-post","status-publish","format-standard","has-post-thumbnail","hentry","category-arquitetura","category-biomedicina","category-ciencias-sociais","category-educacao-artistica","category-educacao-fisica","category-enfermagem","category-engenharia","category-farmacia","category-fisioterapia","category-fonoaudiologia","category-letras","category-medicina","category-veterinaria","category-nutricao","category-odontologia","category-pedagogia","category-psicologia","category-servico-social","category-tecnico-agricola","category-tecnico-agropecuaria","category-tecnico-ambiental","category-tecnico-enfermagem","category-tecnico-laboratorio","category-tecnico-odontologia","category-terapia-ocupacional","tag-amazonas","instituicoes-prefeitura-municipal-de-sao-gabriel-da-cachoeira-am"],"acf":{"_tipo_vagas":"vagas","_numero_vagas":859,"_quadro_vagas":null,"_cargos":"diversos","_cargos_especificos":"","_salario_max":"R$","_abertura":"20210224","_encerramento":null,"_inscricoes":"","_executora_concurso":"","_instituicao_concurso":[2699],"_link_adicional":null,"_anexos":[{"_arquivo_anexo":163961,"_titulo_anexo":"Edital 001\/2021"},{"_arquivo_anexo":163960,"_titulo_anexo":"Edital 002\/2021"},{"_arquivo_anexo":163959,"_titulo_anexo":"Edital 003\/2021"},{"_arquivo_anexo":163958,"_titulo_anexo":"Edital 004\/2021"}],"_produtos":null,"_vagas":"","_salario_min":"","_instituicao":"","_edital":"","_anexos_edital":"","_fund_incompleto":"","_fund_completo":"","_medio":"","_superior":""},"_links":{"self":[{"href":"https:\/\/www.agrobase.com.br\/concursos\/wp-json\/wp\/v2\/posts\/163955","targetHints":{"allow":["GET"]}}],"collection":[{"href":"https:\/\/www.agrobase.com.br\/concursos\/wp-json\/wp\/v2\/posts"}],"about":[{"href":"https:\/\/www.agrobase.com.br\/concursos\/wp-json\/wp\/v2\/types\/post"}],"author":[{"embeddable":true,"href":"https:\/\/www.agrobase.com.br\/concursos\/wp-json\/wp\/v2\/users\/7"}],"replies":[{"embeddable":true,"href":"https:\/\/www.agrobase.com.br\/concursos\/wp-json\/wp\/v2\/comments?post=163955"}],"version-history":[{"count":0,"href":"https:\/\/www.agrobase.com.br\/concursos\/wp-json\/wp\/v2\/posts\/163955\/revisions"}],"acf:term":[{"embeddable":true,"taxonomy":"instituicoes","href":"https:\/\/www.agrobase.com.br\/concursos\/wp-json\/wp\/v2\/instituicoes\/2699"}],"wp:featuredmedia":[{"embeddable":true,"href":"https:\/\/www.agrobase.com.br\/concursos\/wp-json\/wp\/v2\/media\/163963"}],"wp:attachment":[{"href":"https:\/\/www.agrobase.com.br\/concursos\/wp-json\/wp\/v2\/media?parent=163955"}],"wp:term":[{"taxonomy":"category","embeddable":true,"href":"https:\/\/www.agrobase.com.br\/concursos\/wp-json\/wp\/v2\/categories?post=163955"},{"taxonomy":"post_tag","embeddable":true,"href":"https:\/\/www.agrobase.com.br\/concursos\/wp-json\/wp\/v2\/tags?post=163955"},{"taxonomy":"_amplo","embeddable":true,"href":"https:\/\/www.agrobase.com.br\/concursos\/wp-json\/wp\/v2\/_amplo?post=163955"},{"taxonomy":"destaque","embeddable":true,"href":"https:\/\/www.agrobase.com.br\/concursos\/wp-json\/wp\/v2\/destaque?post=163955"},{"taxonomy":"instituicoes","embeddable":true,"href":"https:\/\/www.agrobase.com.br\/concursos\/wp-json\/wp\/v2\/instituicoes?post=163955"}],"curies":[{"name":"wp","href":"https:\/\/api.w.org\/{rel}","templated":true}]}}