{"id":157628,"date":"2020-10-21T14:45:40","date_gmt":"2020-10-21T17:45:40","guid":{"rendered":"https:\/\/www.agrobase.com.br\/concursos\/?p=157628"},"modified":"2020-10-21T14:46:10","modified_gmt":"2020-10-21T17:46:10","slug":"processo-seletivo-da-uemg-edital-006-2020-professores","status":"publish","type":"post","link":"https:\/\/www.agrobase.com.br\/concursos\/2020\/processo-seletivo-da-uemg-edital-006-2020-professores\/","title":{"rendered":"Processo Seletivo da UEMG | Edital 006\/2020 &#8211; Professores"},"content":{"rendered":"<p>Vejam o edital do Processo Seletivo da UEMG, cujo objetivo \u00e9 a contrata\u00e7\u00e3o de 19 professores da educa\u00e7\u00e3o superior, de forma tempor\u00e1ria, na unidade de Passos.<\/p>\n<h2>Cargos e Remunera\u00e7\u00e3o<\/h2>\n<p>As <strong>19 vagas<\/strong> de emprego ofertadas pelo edital 006\/2020 do Processo Seletivo da Universidade do Estado de Minas Gerais (UEMG) suprir\u00e3o a falta de docentes, por tempo determinado, para atua\u00e7\u00e3o nos cursos de Administra\u00e7\u00e3o; Sistemas de Informa\u00e7\u00e3o; Ci\u00eancias Biol\u00f3gicas; Servi\u00e7o Social; Pedagogia; Matem\u00e1tica; Geografia; Turismo; Hist\u00f3ria; Letras; Pedagogia e Sistema de Informa\u00e7\u00e3o. O regime de trabalho ser\u00e1 de 20h ou 40 horas semanais, e como recompensa os professores far\u00e3o jus as remunera\u00e7\u00f5es de <strong>R$ 885,65<\/strong> a <strong>R$ 6.804,05<\/strong>. As \u00e1reas com vagas em aberto est\u00e3o destacadas na tabela de vagas a seguir:<\/p>\n<p><strong>Clique abaixo para exibir o quadro de vagas do Processo Seletivo da UEMG (Edital 006\/2020)<\/strong><br \/>\n<a target=\"_blank\" href=\"https:\/\/www.agrobase.com.br\/concursos\/wp-content\/uploads\/sites\/4\/2020\/10\/quadro-de-vagas-do-processo-seletivo-uemg.pdf\"><img loading=\"lazy\" decoding=\"async\" src=\"https:\/\/www.agrobase.com.br\/concursos\/wp-content\/uploads\/sites\/4\/2017\/11\/quadro-de-vagas-do-processo-seletivo-da-uemg.png\" alt=\"Vagas Concurso P\u00fablico Universidade do Estado de Minas Gerais (PDF)\" width=\"570\" height=\"160\" class=\"aligncenter size-full\" \/><\/a><\/p>\n<h2>Inscri\u00e7\u00e3o<\/h2>\n<ul>\n<li><strong>Presencial:<\/strong> As inscri\u00e7\u00f5es s\u00e3o encerradas em <strong>28 de outubro de 2020<\/strong>, e podem ser realizadas presencialmente, por meio da entrega da ficha de inscri\u00e7\u00e3o e dos documentos exigidos para a Unidade Acad\u00eamica, situada na avenida Jucka Stokler, n\u00ba 1130.<\/li>\n<\/ul>\n<h2>Provas<\/h2>\n<p>O Processo Seletivo da UEMG prev\u00ea avaliar os candidatos atrav\u00e9s de uma etapa, conforme segue:<\/p>\n<ol>\n<li><strong>An\u00e1lise Curricular.<\/strong><\/li>\n<\/ol>\n<h2>Resultado do Processo Seletivo UEMG<\/h2>\n<p>O Resultado Final ser\u00e1 divulgado no site hp:\/\/designacao.uemg.br. O candidato classificado em primeiro lugar dever\u00e1 manifestar seu interesse \u00e0 vaga por meio de mensagem eletr\u00f4nica para o e-mail silvia.dutra@uemg.br, at\u00e9 <strong>09 de novembro de 2020<\/strong> impreterivelmente.<\/p>\n","protected":false},"excerpt":{"rendered":"<p>Vejam o edital do Processo Seletivo da UEMG, cujo objetivo \u00e9 a contrata\u00e7\u00e3o de 19 professores da educa\u00e7\u00e3o superior, de forma tempor\u00e1ria, na unidade de Passos.<\/p>\n","protected":false},"author":7,"featured_media":0,"comment_status":"open","ping_status":"open","sticky":false,"template":"","format":"standard","meta":{"_acf_changed":false,"_breakdance_hide_in_design_set":false,"_breakdance_tags":"","footnotes":""},"categories":[3,6,7,9,117,12,136,116,21,25],"tags":[50],"_amplo":[],"destaque":[],"instituicoes":[610],"class_list":["post-157628","post","type-post","status-publish","format-standard","hentry","category-administracao","category-biologia","category-biomedicina","category-ciencias-contabeis","category-economia","category-enfermagem","category-estatistica","category-matematica","category-medicina","category-pedagogia","tag-minas-gerais","instituicoes-universidade-do-estado-de-minas-gerais-uemg"],"acf":{"_tipo_vagas":"vagas","_numero_vagas":19,"_quadro_vagas":null,"_cargos":"professores","_cargos_especificos":"","_salario_max":"R$","_abertura":"20201022","_encerramento":"20201028","_inscricoes":"","_executora_concurso":"","_instituicao_concurso":[610],"_link_adicional":null,"_anexos":[{"_arquivo_anexo":157629,"_titulo_anexo":"Edital 006\/2020"},{"_arquivo_anexo":157630,"_titulo_anexo":"Retifica\u00e7\u00e3o"}],"_produtos":null,"_vagas":"","_salario_min":"","_instituicao":"","_edital":"","_anexos_edital":"","_fund_incompleto":"","_fund_completo":"","_medio":"","_superior":""},"_links":{"self":[{"href":"https:\/\/www.agrobase.com.br\/concursos\/wp-json\/wp\/v2\/posts\/157628","targetHints":{"allow":["GET"]}}],"collection":[{"href":"https:\/\/www.agrobase.com.br\/concursos\/wp-json\/wp\/v2\/posts"}],"about":[{"href":"https:\/\/www.agrobase.com.br\/concursos\/wp-json\/wp\/v2\/types\/post"}],"author":[{"embeddable":true,"href":"https:\/\/www.agrobase.com.br\/concursos\/wp-json\/wp\/v2\/users\/7"}],"replies":[{"embeddable":true,"href":"https:\/\/www.agrobase.com.br\/concursos\/wp-json\/wp\/v2\/comments?post=157628"}],"version-history":[{"count":0,"href":"https:\/\/www.agrobase.com.br\/concursos\/wp-json\/wp\/v2\/posts\/157628\/revisions"}],"acf:term":[{"embeddable":true,"taxonomy":"instituicoes","href":"https:\/\/www.agrobase.com.br\/concursos\/wp-json\/wp\/v2\/instituicoes\/610"}],"wp:attachment":[{"href":"https:\/\/www.agrobase.com.br\/concursos\/wp-json\/wp\/v2\/media?parent=157628"}],"wp:term":[{"taxonomy":"category","embeddable":true,"href":"https:\/\/www.agrobase.com.br\/concursos\/wp-json\/wp\/v2\/categories?post=157628"},{"taxonomy":"post_tag","embeddable":true,"href":"https:\/\/www.agrobase.com.br\/concursos\/wp-json\/wp\/v2\/tags?post=157628"},{"taxonomy":"_amplo","embeddable":true,"href":"https:\/\/www.agrobase.com.br\/concursos\/wp-json\/wp\/v2\/_amplo?post=157628"},{"taxonomy":"destaque","embeddable":true,"href":"https:\/\/www.agrobase.com.br\/concursos\/wp-json\/wp\/v2\/destaque?post=157628"},{"taxonomy":"instituicoes","embeddable":true,"href":"https:\/\/www.agrobase.com.br\/concursos\/wp-json\/wp\/v2\/instituicoes?post=157628"}],"curies":[{"name":"wp","href":"https:\/\/api.w.org\/{rel}","templated":true}]}}