{"id":157096,"date":"2020-10-09T10:30:40","date_gmt":"2020-10-09T13:30:40","guid":{"rendered":"https:\/\/www.agrobase.com.br\/concursos\/?p=157096"},"modified":"2020-10-09T10:15:49","modified_gmt":"2020-10-09T13:15:49","slug":"concurso-publico-do-creci-rj-edital-001-2020","status":"publish","type":"post","link":"https:\/\/www.agrobase.com.br\/concursos\/2020\/concurso-publico-do-creci-rj-edital-001-2020\/","title":{"rendered":"Concurso P\u00fablico do Creci &#8211; RJ | Edital 001\/2020"},"content":{"rendered":"<p>Foi aberto edital do Concurso P\u00fablico do CRECI (RJ), que objetiva admiss\u00e3o de mais de 30 servidores em diversas fun\u00e7\u00f5es.<\/p>\n<h2>Cargos e Remunera\u00e7\u00e3o<\/h2>\n<p>Segundo o edital 001\/2020 do Concurso P\u00fablico do Conselho Regional dos Corretores de Im\u00f3veis (CRECI &#8211; RJ) ser\u00e3o providas <strong>35 vagas<\/strong>, para concorrer \u00e9 exigida forma\u00e7\u00e3o em n\u00edvel m\u00e9dio, t\u00e9cnico e superior. Os sal\u00e1rios iniciais variam de <strong>R$ 1.189,14<\/strong> a <strong>R$ 4.439,59<\/strong>, de acordo com a fun\u00e7\u00e3o exercida e jornada desempenhada, que pode ser de <strong>40 horas semanais<\/strong>.<\/p>\n<p>As oportunidades est\u00e3o distribu\u00eddas entre os cargos de Auxiliar de Manuten\u00e7\u00e3o; T\u00e9cnico em Inform\u00e1tica; Auxiliar Administrativo; Advogado; Analista Administrativo; Contador; Analista de Comunica\u00e7\u00e3o; Analista de Comunica\u00e7\u00e3o; Analista de Marketing; Analista Programador; Designer Gr\u00e1fico; Editor de V\u00eddeo; e Fiscal.<\/p>\n<p><strong>Clique abaixo para exibir o quadro de vagas do Concurso P\u00fablico do Creci &#8211; RJ (Edital 001\/2020)<\/strong><br \/>\n<a target=\"_blank\" href=\"https:\/\/www.agrobase.com.br\/concursos\/wp-content\/uploads\/sites\/4\/2020\/10\/quadro-de-vagas-do-concurso-publico-creci-rj.pdf\"><img loading=\"lazy\" decoding=\"async\" src=\"https:\/\/www.agrobase.com.br\/concursos\/wp-content\/uploads\/sites\/4\/2020\/10\/quadro-de-vagas-concurso-publico-creci-rj.png\" alt=\"Vagas Concurso P\u00fablico Conselho Regional dos Corretores de Im\u00f3veis (PDF)\" width=\"570\" height=\"160\" class=\"aligncenter size-full\" \/><\/a><\/p>\n<h2>Inscri\u00e7\u00e3o<\/h2>\n<ul>\n<li><strong>Internet:<\/strong> os interessados em participar do Concurso P\u00fablico do CRECI podem fazer a inscri\u00e7\u00e3o mediante acesso ao endere\u00e7o eletr\u00f4nico inqc.org.br, das 14h do dia <strong>08 de outubro de 2020<\/strong> at\u00e9 as 23h59 do dia <strong>09 de novembro de 2020<\/strong>.<\/li>\n<\/ul>\n<p><\/p>\n<p>As taxas de participa\u00e7\u00e3o s\u00e3o de <strong>R$ 60,00<\/strong> a <strong>R$ 100,00<\/strong>.<\/p>\n<h2>Provas<\/h2>\n<p>Como m\u00e9todos de avalia\u00e7\u00e3o ser\u00e3o realizadas tr\u00eas etapas, a saber:<\/p>\n<ol>\n<li><strong>Prova Objetiva:<\/strong> de car\u00e1ter eliminat\u00f3rio e classificat\u00f3rio.<\/li>\n<li><strong>Prova de Reda\u00e7\u00e3o:<\/strong> de car\u00e1ter eliminat\u00f3rio e classificat\u00f3rio, ser\u00e1 realizada pelos candidatos de todos os cargos, exceto para o cargo de advogado.<\/li>\n<li><strong>Prova Discursiva:<\/strong> ser\u00e1 realizada somente para os candidatos ao cargo de advogado.<\/li>\n<li><strong>Prova de T\u00edtulos:<\/strong> participar\u00e1 somente o n\u00famero de candidatos classificados e estabelecidos nas tabelas do item 15.3 e 16.3 do edital.<\/li>\n<li><strong>Prova Pr\u00e1tica:<\/strong> com car\u00e1ter eliminat\u00f3rio e classificat\u00f3rio, que ser\u00e1 aplicada somente para as fun\u00e7\u00f5es de designer gr\u00e1fico e editor de v\u00eddeo.<\/li>\n<\/ol>\n<p>Para aplica\u00e7\u00e3o dessas etapas, est\u00e1 previsto o dia <strong>13 de dezembro de 2020<\/strong>.<\/p>\n<h2>Resultados<\/h2>\n<p>\u00c9 de inteira responsabilidade do candidato acompanhar todos os atos, editais e comunicados referentes a este Concurso P\u00fablico que sejam publicados no Di\u00e1rio Oficial da Uni\u00e3o e\/ou divulgados na internet, no endere\u00e7o eletr\u00f4nico www.inqc.org.br.<\/p>\n","protected":false},"excerpt":{"rendered":"<p>Foi aberto edital do Concurso P\u00fablico do CRECI (RJ), que objetiva admiss\u00e3o de mais de 30 servidores em diversas fun\u00e7\u00f5es.<\/p>\n","protected":false},"author":7,"featured_media":157098,"comment_status":"open","ping_status":"open","sticky":false,"template":"","format":"standard","meta":{"_acf_changed":false,"_breakdance_hide_in_design_set":false,"_breakdance_tags":"","footnotes":""},"categories":[3,126,9,120,113,10,151,99,124,130],"tags":[56],"_amplo":[],"destaque":[],"instituicoes":[836],"class_list":["post-157096","post","type-post","status-publish","format-standard","has-post-thumbnail","hentry","category-administracao","category-ciencia-computacao","category-ciencias-contabeis","category-comunicacao-social","category-desenho-industrial","category-direito","category-engenharia-computacao","category-jornalismo","category-publicidade","category-tecnico-informatica","tag-rio-de-janeiro","instituicoes-conselho-regional-de-corretores-de-imoveis-creci"],"acf":{"_tipo_vagas":"vagas","_numero_vagas":35,"_quadro_vagas":null,"_cargos":"diversos","_cargos_especificos":"","_salario_max":"R$","_abertura":"20201008","_encerramento":"20201109","_inscricoes":"","_executora_concurso":61055,"_instituicao_concurso":[836],"_link_adicional":null,"_anexos":[{"_arquivo_anexo":157097,"_titulo_anexo":"Edital 001\/2020"}],"_produtos":null,"_vagas":"","_salario_min":"","_instituicao":"","_edital":"","_anexos_edital":"","_fund_incompleto":"","_fund_completo":"","_medio":"","_superior":""},"_links":{"self":[{"href":"https:\/\/www.agrobase.com.br\/concursos\/wp-json\/wp\/v2\/posts\/157096","targetHints":{"allow":["GET"]}}],"collection":[{"href":"https:\/\/www.agrobase.com.br\/concursos\/wp-json\/wp\/v2\/posts"}],"about":[{"href":"https:\/\/www.agrobase.com.br\/concursos\/wp-json\/wp\/v2\/types\/post"}],"author":[{"embeddable":true,"href":"https:\/\/www.agrobase.com.br\/concursos\/wp-json\/wp\/v2\/users\/7"}],"replies":[{"embeddable":true,"href":"https:\/\/www.agrobase.com.br\/concursos\/wp-json\/wp\/v2\/comments?post=157096"}],"version-history":[{"count":0,"href":"https:\/\/www.agrobase.com.br\/concursos\/wp-json\/wp\/v2\/posts\/157096\/revisions"}],"acf:term":[{"embeddable":true,"taxonomy":"instituicoes","href":"https:\/\/www.agrobase.com.br\/concursos\/wp-json\/wp\/v2\/instituicoes\/836"}],"acf:post":[{"embeddable":true,"href":"https:\/\/www.agrobase.com.br\/concursos\/wp-json\/wp\/v2\/executora\/61055"}],"wp:featuredmedia":[{"embeddable":true,"href":"https:\/\/www.agrobase.com.br\/concursos\/wp-json\/wp\/v2\/media\/157098"}],"wp:attachment":[{"href":"https:\/\/www.agrobase.com.br\/concursos\/wp-json\/wp\/v2\/media?parent=157096"}],"wp:term":[{"taxonomy":"category","embeddable":true,"href":"https:\/\/www.agrobase.com.br\/concursos\/wp-json\/wp\/v2\/categories?post=157096"},{"taxonomy":"post_tag","embeddable":true,"href":"https:\/\/www.agrobase.com.br\/concursos\/wp-json\/wp\/v2\/tags?post=157096"},{"taxonomy":"_amplo","embeddable":true,"href":"https:\/\/www.agrobase.com.br\/concursos\/wp-json\/wp\/v2\/_amplo?post=157096"},{"taxonomy":"destaque","embeddable":true,"href":"https:\/\/www.agrobase.com.br\/concursos\/wp-json\/wp\/v2\/destaque?post=157096"},{"taxonomy":"instituicoes","embeddable":true,"href":"https:\/\/www.agrobase.com.br\/concursos\/wp-json\/wp\/v2\/instituicoes?post=157096"}],"curies":[{"name":"wp","href":"https:\/\/api.w.org\/{rel}","templated":true}]}}