{"id":156134,"date":"2020-09-21T15:00:44","date_gmt":"2020-09-21T18:00:44","guid":{"rendered":"https:\/\/www.agrobase.com.br\/concursos\/?p=156134"},"modified":"2020-09-21T15:00:44","modified_gmt":"2020-09-21T18:00:44","slug":"processo-seletivo-da-furg-rs-edital-010-2020-professor-temporario","status":"publish","type":"post","link":"https:\/\/www.agrobase.com.br\/concursos\/2020\/processo-seletivo-da-furg-rs-edital-010-2020-professor-temporario\/","title":{"rendered":"Processo Seletivo da FURG &#8211; RS | Edital 010\/2020 &#8211; Professor Tempor\u00e1rio"},"content":{"rendered":"<p>Confiram o edital de abertura do Processo Seletivo da <a href=\"https:\/\/www.furg.br\/\" title=\"Universidade Federal do Rio Grande\" target=\"_blank\" rel=\"noopener\">FURG (RS)<\/a>, para provimento de seis vagas de Professor Tempor\u00e1rio no Campus de Rio Grande.<\/p>\n<h2>Cargos e Remunera\u00e7\u00e3o<\/h2>\n<p>\u00c9 lan\u00e7ado o edital 010\/2020, destinado a suprir a demanda de professores tempor\u00e1rios nas Unidades de Faculdade de Direito (Fadir), Instituto de Ci\u00eancias Humanas e da Informa\u00e7\u00e3o (ICHI), Instituto de Ci\u00eancias Econ\u00f4micas, Administrativas e Cont\u00e1beis (ICEAC) do Campus de Rio Grande da Universidade Federal do Rio Grande (FURG).<\/p>\n<p>As <strong>06 vagas<\/strong> ofertadas exigem que os candidatos sejam formados em n\u00edvel superior, com sal\u00e1rios que v\u00e3o de <strong>R$ 3.130,85<\/strong> a <strong>R$ 5.831,21<\/strong>, por jornadas de trabalho de <strong>40 horas semanais<\/strong>. Segue a descri\u00e7\u00e3o dos requisitos das vagas:<\/p>\n<p><strong>Clique abaixo para exibir o quadro de vagas do Processo Seletivo da FURG &#8211; RS (Edital 010\/2020)<\/strong><br \/>\n<a target=\"_blank\" href=\"https:\/\/www.agrobase.com.br\/concursos\/wp-content\/uploads\/sites\/4\/2020\/09\/quadro-de-vagas-do-processo-seletivo-furg.pdf\"><img loading=\"lazy\" decoding=\"async\" src=\"https:\/\/www.agrobase.com.br\/concursos\/wp-content\/uploads\/sites\/4\/2020\/09\/quadro-de-vagas-do-processo-seletivo-da-furg-rs.png\" alt=\"Vagas Concurso P\u00fablico Universidade Federal do Rio Grande (PDF)\" width=\"570\" height=\"160\" class=\"aligncenter size-full\" \/><\/a><\/p>\n<h2>Inscri\u00e7\u00e3o<\/h2>\n<ul>\n<li><strong>Internet:<\/strong> As inscri\u00e7\u00f5es ser\u00e3o realizadas das 09h do dia <strong>21 de setembro de 2020<\/strong> at\u00e9 as 23h59min do dia <strong>25 de setembro de 2020<\/strong>,<br \/>\nexclusivamente pela internet, no endere\u00e7o eletr\u00f4nico http:\/\/progep.furg.br\/bin\/edital\/index.php.<\/li>\n<\/ul>\n<p>S\u00e3o cobradas taxas de inscri\u00e7\u00e3o nos valores de <strong>R$ 60,00<\/strong>, <strong>R$ 75,00<\/strong> ou <strong>R$ 90,00<\/strong>.<\/p>\n<h2>Provas<\/h2>\n<p>O processo seletivo de professores tempor\u00e1rios da FURG ser\u00e1 composto das seguintes provas, a saber:<\/p>\n<ol>\n<li><strong>Prova Did\u00e1tica.<\/strong><\/li>\n<li><strong>Prova de T\u00edtulos.<\/strong><\/li>\n<\/ol>\n<h2>Resultado<\/h2>\n<p>Ambos os resultados ser\u00e3o divulgados na p\u00e1gina da web da FURG www.furg.br e posteriormente no Di\u00e1rio Oficial da Uni\u00e3o.<\/p>\n","protected":false},"excerpt":{"rendered":"<p>Confiram o edital de abertura do Processo Seletivo da FURG (RS), para provimento de seis vagas de Professor Tempor\u00e1rio no Campus de Rio Grande.<\/p>\n","protected":false},"author":7,"featured_media":156138,"comment_status":"open","ping_status":"open","sticky":false,"template":"","format":"standard","meta":{"_acf_changed":false,"_breakdance_hide_in_design_set":false,"_breakdance_tags":"","footnotes":""},"categories":[9,121,10,117,26,118],"tags":[58],"_amplo":[],"destaque":[],"instituicoes":[330],"class_list":["post-156134","post","type-post","status-publish","format-standard","has-post-thumbnail","hentry","category-ciencias-contabeis","category-ciencias-sociais","category-direito","category-economia","category-psicologia","category-sociologia","tag-rio-grande-sul","instituicoes-universidade-federal-do-rio-grande-furg"],"acf":{"_tipo_vagas":"vagas","_numero_vagas":6,"_quadro_vagas":null,"_cargos":"professores","_cargos_especificos":"","_salario_max":"R$","_abertura":"20200921","_encerramento":"20200925","_inscricoes":"","_executora_concurso":"","_instituicao_concurso":[330],"_link_adicional":null,"_anexos":[{"_arquivo_anexo":156137,"_titulo_anexo":"Edital 010\/2020"}],"_produtos":null,"_vagas":"","_salario_min":"","_instituicao":"","_edital":"","_anexos_edital":"","_fund_incompleto":"","_fund_completo":"","_medio":"","_superior":""},"_links":{"self":[{"href":"https:\/\/www.agrobase.com.br\/concursos\/wp-json\/wp\/v2\/posts\/156134","targetHints":{"allow":["GET"]}}],"collection":[{"href":"https:\/\/www.agrobase.com.br\/concursos\/wp-json\/wp\/v2\/posts"}],"about":[{"href":"https:\/\/www.agrobase.com.br\/concursos\/wp-json\/wp\/v2\/types\/post"}],"author":[{"embeddable":true,"href":"https:\/\/www.agrobase.com.br\/concursos\/wp-json\/wp\/v2\/users\/7"}],"replies":[{"embeddable":true,"href":"https:\/\/www.agrobase.com.br\/concursos\/wp-json\/wp\/v2\/comments?post=156134"}],"version-history":[{"count":0,"href":"https:\/\/www.agrobase.com.br\/concursos\/wp-json\/wp\/v2\/posts\/156134\/revisions"}],"acf:term":[{"embeddable":true,"taxonomy":"instituicoes","href":"https:\/\/www.agrobase.com.br\/concursos\/wp-json\/wp\/v2\/instituicoes\/330"}],"wp:featuredmedia":[{"embeddable":true,"href":"https:\/\/www.agrobase.com.br\/concursos\/wp-json\/wp\/v2\/media\/156138"}],"wp:attachment":[{"href":"https:\/\/www.agrobase.com.br\/concursos\/wp-json\/wp\/v2\/media?parent=156134"}],"wp:term":[{"taxonomy":"category","embeddable":true,"href":"https:\/\/www.agrobase.com.br\/concursos\/wp-json\/wp\/v2\/categories?post=156134"},{"taxonomy":"post_tag","embeddable":true,"href":"https:\/\/www.agrobase.com.br\/concursos\/wp-json\/wp\/v2\/tags?post=156134"},{"taxonomy":"_amplo","embeddable":true,"href":"https:\/\/www.agrobase.com.br\/concursos\/wp-json\/wp\/v2\/_amplo?post=156134"},{"taxonomy":"destaque","embeddable":true,"href":"https:\/\/www.agrobase.com.br\/concursos\/wp-json\/wp\/v2\/destaque?post=156134"},{"taxonomy":"instituicoes","embeddable":true,"href":"https:\/\/www.agrobase.com.br\/concursos\/wp-json\/wp\/v2\/instituicoes?post=156134"}],"curies":[{"name":"wp","href":"https:\/\/api.w.org\/{rel}","templated":true}]}}