{"id":151612,"date":"2020-06-22T13:21:24","date_gmt":"2020-06-22T16:21:24","guid":{"rendered":"https:\/\/www.agrobase.com.br\/concursos\/?p=151612"},"modified":"2020-06-22T13:25:23","modified_gmt":"2020-06-22T16:25:23","slug":"processo-seletivo-do-iftm-mg-edital-002-2020","status":"publish","type":"post","link":"https:\/\/www.agrobase.com.br\/concursos\/2020\/processo-seletivo-do-iftm-mg-edital-002-2020\/","title":{"rendered":"Processo Seletivo do IFTM &#8211; MG | Edital 002\/2020"},"content":{"rendered":"<p>O Campus Uberl\u00e2ndia recebe novas vagas oferecidas pelo Processo Seletivo do <a href=\"http:\/\/www.iftm.edu.br\/\" title=\"Instituto Federal de Educa\u00e7\u00e3o, Ci\u00eancia e Tecnologia do Tri\u00e2ngulo Mineiro\" target=\"_blank\" rel=\"noopener\">IFTM<\/a>, o qual realizar\u00e1 a contrata\u00e7\u00e3o tempor\u00e1ria de Professores, Tutores e Profissionais de Apoio \u00e0 Atividades Acad\u00eamicas e Administrativas.<\/p>\n<h2>Cargos e Remunera\u00e7\u00e3o<\/h2>\n<p>O edital 002\/2020 faz saber da abertura <strong>57 vagas<\/strong> de contrata\u00e7\u00f5es tempor\u00e1rias para o Campus de Uberl\u00e2ndia do Instituto Federal do Tri\u00e2ngulo Mineiro (IFTM). As bolsas encontradas nesse edital variam entre os valores de <strong>R$ 18,00<\/strong> a <strong>R$ 50,00<\/strong> por hora trabalhada, enquanto as jornadas de trabalho s\u00e3o de <strong>16h<\/strong> a <strong>20 horas semanais<\/strong>.<\/p>\n<p><strong>Clique abaixo para exibir o quadro de vagas do Processo Seletivo do IFTM &#8211; MG (Edital 002\/2020)<\/strong><br \/>\n<a target=\"_blank\" href=\"https:\/\/www.agrobase.com.br\/concursos\/wp-content\/uploads\/sites\/4\/2020\/06\/anexo_ii_-_quadros_de_vagas_e_requisitos.pdf\"><img loading=\"lazy\" decoding=\"async\" src=\"https:\/\/www.agrobase.com.br\/concursos\/wp-content\/uploads\/sites\/4\/2018\/05\/quadro-de-vagas-do-processo-seletivo-do-iftm.png\" alt=\"Vagas Concurso P\u00fablico do Instituto Federal do Tri\u00e2ngulo Mineiro (PDF)\" width=\"570\" height=\"160\" class=\"aligncenter size-full\" \/><\/a><\/p>\n<h2>Inscri\u00e7\u00e3o<\/h2>\n<ul>\n<li><strong>Internet:<\/strong> As inscri\u00e7\u00f5es ser\u00e3o realizadas no per\u00edodo de <strong>22 de junho de 2020<\/strong> at\u00e9 as 23h59 do dia <strong>23 de junho de 2020<\/strong>, exclusivamente por meio do acesso dos interessados ao endere\u00e7o eletr\u00f4nico <a href=\"https:\/\/docs.google.com\/forms\/d\/e\/1FAIpQLScc6fYU65FcetZv0h10xSAwxqsD7QuYuHxILdWCoAe6_LuZWA\/viewform\" rel=\"noopener\" target=\"_blank\">docs.google.com<\/a>.<\/li>\n<\/ul>\n<p><\/p>\n<h6>Nenhum candidato poder\u00e1 alegar desconhecimento das instru\u00e7\u00f5es contidas no Edital do Processo Seletivo IFTM, sendo as a\u00e7\u00f5es e acompanhamento das retifica\u00e7\u00f5es e altera\u00e7\u00f5es de datas de sua inteira responsabilidade, desde o edital de abertura at\u00e9 o edital de convoca\u00e7\u00e3o. Mais detalhes podem ser encontrados em www.iftm.edu.br\/concursos\/ead\/<\/h6>\n","protected":false},"excerpt":{"rendered":"<p>O Campus Uberl\u00e2ndia recebe novas vagas oferecidas pelo Processo Seletivo do IFTM, o qual realizar\u00e1 a contrata\u00e7\u00e3o tempor\u00e1ria de professores, tutores e profissionais de apoio \u00e0 atividades acad\u00eamicas e administrativas.<\/p>\n","protected":false},"author":7,"featured_media":151617,"comment_status":"open","ping_status":"open","sticky":false,"template":"","format":"standard","meta":{"_acf_changed":false,"_breakdance_hide_in_design_set":false,"_breakdance_tags":"","footnotes":""},"categories":[4,6,95,79,20,22,25],"tags":[50],"_amplo":[],"destaque":[],"instituicoes":[705],"class_list":["post-151612","post","type-post","status-publish","format-standard","has-post-thumbnail","hentry","category-agronomia","category-biologia","category-engenharia-agricola","category-engenharia-alimentos","category-letras","category-veterinaria","category-pedagogia","tag-minas-gerais","instituicoes-instituto-federal-de-educacao-ciencia-e-tecnologia-do-triangulo-mineiro-iftm"],"acf":{"_tipo_vagas":"vagas","_numero_vagas":57,"_quadro_vagas":null,"_cargos":"diversos","_cargos_especificos":"","_salario_max":"R$","_abertura":"20200622","_encerramento":"20200623","_inscricoes":"","_executora_concurso":"","_instituicao_concurso":[705],"_link_adicional":null,"_anexos":[{"_arquivo_anexo":151614,"_titulo_anexo":"Edital 002\/2020"},{"_arquivo_anexo":151615,"_titulo_anexo":"Cronograma"},{"_arquivo_anexo":151616,"_titulo_anexo":"Quadro de Pontua\u00e7\u00e3o"}],"_produtos":null,"_vagas":"","_salario_min":"","_instituicao":"","_edital":"","_anexos_edital":"","_fund_incompleto":"","_fund_completo":"","_medio":"","_superior":""},"_links":{"self":[{"href":"https:\/\/www.agrobase.com.br\/concursos\/wp-json\/wp\/v2\/posts\/151612","targetHints":{"allow":["GET"]}}],"collection":[{"href":"https:\/\/www.agrobase.com.br\/concursos\/wp-json\/wp\/v2\/posts"}],"about":[{"href":"https:\/\/www.agrobase.com.br\/concursos\/wp-json\/wp\/v2\/types\/post"}],"author":[{"embeddable":true,"href":"https:\/\/www.agrobase.com.br\/concursos\/wp-json\/wp\/v2\/users\/7"}],"replies":[{"embeddable":true,"href":"https:\/\/www.agrobase.com.br\/concursos\/wp-json\/wp\/v2\/comments?post=151612"}],"version-history":[{"count":0,"href":"https:\/\/www.agrobase.com.br\/concursos\/wp-json\/wp\/v2\/posts\/151612\/revisions"}],"acf:term":[{"embeddable":true,"taxonomy":"instituicoes","href":"https:\/\/www.agrobase.com.br\/concursos\/wp-json\/wp\/v2\/instituicoes\/705"}],"wp:featuredmedia":[{"embeddable":true,"href":"https:\/\/www.agrobase.com.br\/concursos\/wp-json\/wp\/v2\/media\/151617"}],"wp:attachment":[{"href":"https:\/\/www.agrobase.com.br\/concursos\/wp-json\/wp\/v2\/media?parent=151612"}],"wp:term":[{"taxonomy":"category","embeddable":true,"href":"https:\/\/www.agrobase.com.br\/concursos\/wp-json\/wp\/v2\/categories?post=151612"},{"taxonomy":"post_tag","embeddable":true,"href":"https:\/\/www.agrobase.com.br\/concursos\/wp-json\/wp\/v2\/tags?post=151612"},{"taxonomy":"_amplo","embeddable":true,"href":"https:\/\/www.agrobase.com.br\/concursos\/wp-json\/wp\/v2\/_amplo?post=151612"},{"taxonomy":"destaque","embeddable":true,"href":"https:\/\/www.agrobase.com.br\/concursos\/wp-json\/wp\/v2\/destaque?post=151612"},{"taxonomy":"instituicoes","embeddable":true,"href":"https:\/\/www.agrobase.com.br\/concursos\/wp-json\/wp\/v2\/instituicoes?post=151612"}],"curies":[{"name":"wp","href":"https:\/\/api.w.org\/{rel}","templated":true}]}}