{"id":147154,"date":"2021-12-21T18:17:09","date_gmt":"2021-12-21T21:17:09","guid":{"rendered":"https:\/\/www.agrobase.com.br\/concursos\/?p=147154"},"modified":"2023-08-20T18:11:57","modified_gmt":"2023-08-20T21:11:57","slug":"concurso-publico-de-dores-de-campos-mg-edital-001-2020-reabertura","status":"publish","type":"post","link":"https:\/\/www.agrobase.com.br\/concursos\/2021\/concurso-publico-de-dores-de-campos-mg-edital-001-2020-reabertura\/","title":{"rendered":"Concurso P\u00fablico de Dores de Campos &#8211; MG | Edital 001\/2020 [reabertura]"},"content":{"rendered":"<p>Comunicado novo edital de Concurso P\u00fablico de <a title=\"Prefeitura de Dores de Campos\" href=\"http:\/\/doresdecampos.mg.gov.br\/\" target=\"_blank\" rel=\"noopener\">Dores de Campos (MG)<\/a>, visando preencher mais de 140 vagas no seu quadro de pessoal efetivo.<\/p>\n<h2>Cargos e Remunera\u00e7\u00e3o<\/h2>\n<p>Segundo informado atrav\u00e9s do edital 001\/2020 do Concurso P\u00fablico da Prefeitura de <a title=\"Cidade de Dores de Campos\" href=\"https:\/\/pt.wikipedia.org\/wiki\/Dores_de_Campos\" target=\"_blank\" rel=\"noopener\">Dores de Campos<\/a>, ser\u00e3o preenchidas um total de <strong>144 vagas<\/strong>, divididas entre os cargos de:<\/p>\n<p><em>Agente Administrativo; Assistente Administrativo; Assistente Jur\u00eddico; Assistente Social; Auxiliar de Consult\u00f3rio Dent\u00e1rio; Auxiliar de Secretaria Escolar; Auxiliar de Servi\u00e7os Escolares; Auxiliar de Servi\u00e7os Gerais; Auxiliar de Servi\u00e7os Internos e Externos; Dentista; Enfermeiro; Enfermeiro PSF; Farmac\u00eautico; Fiscal de Obras e Posturas; Fiscal Tribut\u00e1rio; Fisioterapeuta NASF; M\u00e9dico PSF; Motorista CNH B; Motorista CNH D; Nutricionista NASF; Oficial Operacional; Operador de M\u00e1quina Pesada; Pedreiro; Professor de Educa\u00e7\u00e3o B\u00e1sica; Professor de Educa\u00e7\u00e3o F\u00edsica; Psic\u00f3logo Cl\u00ednico; Psic\u00f3logo CRAS; Psic\u00f3logo NASF; T\u00e9cnico de Enfermagem; T\u00e9cnico em Tecnologia da Informa\u00e7\u00e3o<\/em><\/p>\n<p>Nesses cargos os sal\u00e1rios podem variar desde<del> R$ 1.045,00<\/del> <strong>R$ 1.100,00<\/strong> a <del>R$ 9.994,86<\/del><strong> R$ 10.425,63<\/strong>, em jornadas de trabalho de <strong>25h<\/strong>, <strong>30h<\/strong>, <strong>35h<\/strong>, <strong>40h<\/strong> ou <strong>44 horas<\/strong> semanais.<\/p>\n<h2>Inscri\u00e7\u00f5es<\/h2>\n<p><strong>Per\u00edodo de Inscri\u00e7\u00f5es:<\/strong> a partir das 10h do dia <del>27 de abril de 2020<\/del> <strong>24 de janeiro de 2022<\/strong> at\u00e9 \u00e0s 21h do dia <del>27 de maio de 2020<\/del> <strong>11 de mar\u00e7o de 2022<\/strong>.<br \/>\nAs inscri\u00e7\u00f5es ser\u00e3o efetuadas exclusivamente atrav\u00e9s do website www.imam.org.br.<br \/>\n<strong>Taxas de Inscri\u00e7\u00e3o:<\/strong> <strong>R$ 50,00<\/strong>, <strong>R$ 75,00<\/strong>, <strong>R$ 90,00<\/strong> e <strong>R$ 140,00<\/strong>.<\/p>\n<h2>Provas<\/h2>\n<ol>\n<li><strong>Prova Objetiva.<\/strong><\/li>\n<li><strong>Prova de T\u00edtulos.<\/strong><\/li>\n<\/ol>\n<p>As provas do Concurso P\u00fablico ser\u00e3o aplicadas nos dias <del><strong>04<\/strong> e <strong>05 de julho de 2020<\/strong><\/del> 30 de abril e\/ou 01 de maio de 2022. O dia, hor\u00e1rio e local ser\u00e3o definidos no Cart\u00e3o de Inscri\u00e7\u00e3o O dia, hor\u00e1rio e local ser\u00e3o definidos no Cart\u00e3o de Inscri\u00e7\u00e3o.<\/p>\n<p>As publica\u00e7\u00f5es ser\u00e3o feitas no Quadro de Avisos da Prefeitura Municipal de Dores de Campos e nos sites www.doresdecampos.mg.gov.br e www.imamconcursos.org.br.<\/p>\n","protected":false},"excerpt":{"rendered":"<p>Comunicado novo edital de Concurso P\u00fablico de Dores de Campos(MG, visando preencher mais de 140 vagas no seu quadro de pessoal efetivo.<\/p>\n","protected":false},"author":7,"featured_media":228161,"comment_status":"open","ping_status":"open","sticky":false,"template":"","format":"standard","meta":{"_acf_changed":false,"_breakdance_hide_in_design_set":false,"_breakdance_tags":"","footnotes":""},"categories":[3,9,10,11,12,17,18,21,23,24,25,26,101,108,159],"tags":[50],"_amplo":[],"destaque":[],"instituicoes":[1389],"class_list":["post-147154","post","type-post","status-publish","format-standard","has-post-thumbnail","hentry","category-administracao","category-ciencias-contabeis","category-direito","category-educacao-fisica","category-enfermagem","category-farmacia","category-fisioterapia","category-medicina","category-nutricao","category-odontologia","category-pedagogia","category-psicologia","category-servico-social","category-tecnico-enfermagem","category-tecnologia-da-informacao","tag-minas-gerais","instituicoes-prefeitura-municipal-de-dores-de-campos-mg"],"acf":{"_tipo_vagas":"vagas","_numero_vagas":144,"_quadro_vagas":"","_cargos":"diversos","_cargos_especificos":"","_salario_max":"R$","_abertura":"20220124","_encerramento":"20220311","_inscricoes":"","_executora_concurso":40279,"_instituicao_concurso":[1389],"_link_adicional":null,"_anexos":[{"_arquivo_anexo":180843,"_titulo_anexo":"Edital 001\/2020 [reabertura]"}],"_produtos":null,"_vagas":"","_salario_min":"","_instituicao":"","_edital":"","_anexos_edital":"","_fund_incompleto":"","_fund_completo":"","_medio":"","_superior":""},"_links":{"self":[{"href":"https:\/\/www.agrobase.com.br\/concursos\/wp-json\/wp\/v2\/posts\/147154","targetHints":{"allow":["GET"]}}],"collection":[{"href":"https:\/\/www.agrobase.com.br\/concursos\/wp-json\/wp\/v2\/posts"}],"about":[{"href":"https:\/\/www.agrobase.com.br\/concursos\/wp-json\/wp\/v2\/types\/post"}],"author":[{"embeddable":true,"href":"https:\/\/www.agrobase.com.br\/concursos\/wp-json\/wp\/v2\/users\/7"}],"replies":[{"embeddable":true,"href":"https:\/\/www.agrobase.com.br\/concursos\/wp-json\/wp\/v2\/comments?post=147154"}],"version-history":[{"count":0,"href":"https:\/\/www.agrobase.com.br\/concursos\/wp-json\/wp\/v2\/posts\/147154\/revisions"}],"acf:term":[{"embeddable":true,"taxonomy":"instituicoes","href":"https:\/\/www.agrobase.com.br\/concursos\/wp-json\/wp\/v2\/instituicoes\/1389"}],"acf:post":[{"embeddable":true,"href":"https:\/\/www.agrobase.com.br\/concursos\/wp-json\/wp\/v2\/executora\/40279"}],"wp:featuredmedia":[{"embeddable":true,"href":"https:\/\/www.agrobase.com.br\/concursos\/wp-json\/wp\/v2\/media\/228161"}],"wp:attachment":[{"href":"https:\/\/www.agrobase.com.br\/concursos\/wp-json\/wp\/v2\/media?parent=147154"}],"wp:term":[{"taxonomy":"category","embeddable":true,"href":"https:\/\/www.agrobase.com.br\/concursos\/wp-json\/wp\/v2\/categories?post=147154"},{"taxonomy":"post_tag","embeddable":true,"href":"https:\/\/www.agrobase.com.br\/concursos\/wp-json\/wp\/v2\/tags?post=147154"},{"taxonomy":"_amplo","embeddable":true,"href":"https:\/\/www.agrobase.com.br\/concursos\/wp-json\/wp\/v2\/_amplo?post=147154"},{"taxonomy":"destaque","embeddable":true,"href":"https:\/\/www.agrobase.com.br\/concursos\/wp-json\/wp\/v2\/destaque?post=147154"},{"taxonomy":"instituicoes","embeddable":true,"href":"https:\/\/www.agrobase.com.br\/concursos\/wp-json\/wp\/v2\/instituicoes?post=147154"}],"curies":[{"name":"wp","href":"https:\/\/api.w.org\/{rel}","templated":true}]}}