{"id":142016,"date":"2021-02-04T13:30:55","date_gmt":"2021-02-04T16:30:55","guid":{"rendered":"https:\/\/www.agrobase.com.br\/concursos\/?p=142016"},"modified":"2023-08-20T18:01:28","modified_gmt":"2023-08-20T21:01:28","slug":"concurso-publico-da-uff-rj-edital-337-2019-tecnico-administrativo","status":"publish","type":"post","link":"https:\/\/www.agrobase.com.br\/concursos\/2021\/concurso-publico-da-uff-rj-edital-337-2019-tecnico-administrativo\/","title":{"rendered":"Concurso P\u00fablico da UFF &#8211; RJ | Edital 337\/2019 &#8211; T\u00e9cnico-administrativo [Retificado]"},"content":{"rendered":"<p>Ser\u00e1 realizado novo Concurso P\u00fablico pela <a href=\"http:\/\/www.uff.br\/\" title=\"Universidade Federal Fluminense\" target=\"_blank\" rel=\"noopener\">UFF &#8211; RJ<\/a>, o qual organiza sele\u00e7\u00e3o de profissionais para mais de 80 vagas em cargos do quadro t\u00e9cnico-administrativo da universidade.<\/p>\n<h2>Cargos e Remunera\u00e7\u00e3o<\/h2>\n<p>Segundo o aviso de abertura publicado no Di\u00e1rio Oficial da Uni\u00e3o, a Universidade Federal Fluminense (UFF &#8211; RJ) organizar\u00e1, em 2020, um Concurso P\u00fablico para preenchimento efetivo e imediato de <strong>83 vagas<\/strong> para fun\u00e7\u00f5es t\u00e9cnico-administrativos em educa\u00e7\u00e3o de n\u00edvel de classifica\u00e7\u00e3o D (M\u00e9dio e T\u00e9cnico) e E (Superior). As oportunidades citadas ser\u00e3o distribu\u00eddas entre as seguintes Unidades: Angra dos Reis, Maca\u00e9, Niter\u00f3i, Rio das Ostras, Santo Ant\u00f4nio de P\u00e1dua e Volta Redonda.<\/p>\n<p>Considerando esses dados os vencimentos mensais para aquele selecionados ser\u00e1 de <strong>R$ 2.446,96<\/strong> (Cargos de N\u00edvel D) e de <strong>R$ 4.180,66<\/strong> (Cargos de N\u00edvel E), para jornada de trabalho de <strong>20h<\/strong>, <strong>30h<\/strong> ou <strong>40 horas<\/strong> por semana.<\/p>\n<h2>Inscri\u00e7\u00f5es<\/h2>\n<p>O recebimento das inscri\u00e7\u00f5es se dar\u00e1 durante o per\u00edodo de <strong>23 de fevereiro de 2021<\/strong> a <strong>11 de mar\u00e7o de 2021<\/strong>, atrav\u00e9s do acesso dos interessados ao link do concurso, que estar\u00e1 dispon\u00edvel em http:\/\/www.coseac.uff.br\/concursos\/uff\/2020\/.<\/p>\n<p>Com rela\u00e7\u00e3o ao valor da taxa de inscri\u00e7\u00e3o:<\/p>\n<p><strong>R$ 150,00:<\/strong> Cargos de N\u00edvel de Classifica\u00e7\u00e3o E;<br \/>\n<strong>R$ 90,00:<\/strong> Cargos de N\u00edvel de Classifica\u00e7\u00e3o D.<\/p>\n<h2>Provas<\/h2>\n<p>Se inscritos, os profissionais ser\u00e3o submetidos \u00e0 etapas avaliativas compostas por:<\/p>\n<ol>\n<li><strong>Prova Escrita.<\/strong><\/li>\n<li><strong>Prova de T\u00edtulos.<\/strong><\/li>\n<\/ol>\n<h2>Resultado<\/h2>\n<p>Tanto o resultado final quanto as demais publica\u00e7\u00f5es referentes \u00e0 esse concurso, dever\u00e3o ser encontradas atrav\u00e9s do website www.coseac.uff.br\/concursos\/uff\/2020.<\/p>\n","protected":false},"excerpt":{"rendered":"<p>Ser\u00e1 realizado novo Concurso P\u00fablico pela UFF &#8211; RJ, o qual organiza sele\u00e7\u00e3o de profissionais para mais de 80 vagas em cargos do quadro t\u00e9cnico-administrativo da universidade.<\/p>\n","protected":false},"author":7,"featured_media":228153,"comment_status":"open","ping_status":"open","sticky":false,"template":"","format":"standard","meta":{"_acf_changed":false,"_breakdance_hide_in_design_set":false,"_breakdance_tags":"","footnotes":""},"categories":[3,94,142,104,18,21,27,150,108,161,159],"tags":[56],"_amplo":[],"destaque":[],"instituicoes":[325],"class_list":["post-142016","post","type-post","status-publish","format-standard","has-post-thumbnail","hentry","category-administracao","category-biblioteconomia","category-engenharia-eletronica","category-engenharia-mecanica","category-fisioterapia","category-medicina","category-quimica","category-tecnico-eletronica","category-tecnico-enfermagem","category-tecnico-laboratorio","category-tecnologia-da-informacao","tag-rio-de-janeiro","instituicoes-universidade-federal-fluminense-uff"],"acf":{"_tipo_vagas":"vagas","_numero_vagas":83,"_quadro_vagas":"","_cargos":"t\u00e9cnicos administrativos","_cargos_especificos":"","_salario_max":"R$","_abertura":"20210223","_encerramento":"20210311","_inscricoes":"","_executora_concurso":66539,"_instituicao_concurso":[325],"_link_adicional":null,"_anexos":[{"_arquivo_anexo":142018,"_titulo_anexo":"Edital 337\/2019"},{"_arquivo_anexo":162769,"_titulo_anexo":"Novo Cronograma"}],"_produtos":null,"_vagas":"","_salario_min":"","_instituicao":"","_edital":"","_anexos_edital":"","_fund_incompleto":"","_fund_completo":"","_medio":"","_superior":""},"_links":{"self":[{"href":"https:\/\/www.agrobase.com.br\/concursos\/wp-json\/wp\/v2\/posts\/142016","targetHints":{"allow":["GET"]}}],"collection":[{"href":"https:\/\/www.agrobase.com.br\/concursos\/wp-json\/wp\/v2\/posts"}],"about":[{"href":"https:\/\/www.agrobase.com.br\/concursos\/wp-json\/wp\/v2\/types\/post"}],"author":[{"embeddable":true,"href":"https:\/\/www.agrobase.com.br\/concursos\/wp-json\/wp\/v2\/users\/7"}],"replies":[{"embeddable":true,"href":"https:\/\/www.agrobase.com.br\/concursos\/wp-json\/wp\/v2\/comments?post=142016"}],"version-history":[{"count":0,"href":"https:\/\/www.agrobase.com.br\/concursos\/wp-json\/wp\/v2\/posts\/142016\/revisions"}],"acf:term":[{"embeddable":true,"taxonomy":"instituicoes","href":"https:\/\/www.agrobase.com.br\/concursos\/wp-json\/wp\/v2\/instituicoes\/325"}],"acf:post":[{"embeddable":true,"href":"https:\/\/www.agrobase.com.br\/concursos\/wp-json\/wp\/v2\/executora\/66539"}],"wp:featuredmedia":[{"embeddable":true,"href":"https:\/\/www.agrobase.com.br\/concursos\/wp-json\/wp\/v2\/media\/228153"}],"wp:attachment":[{"href":"https:\/\/www.agrobase.com.br\/concursos\/wp-json\/wp\/v2\/media?parent=142016"}],"wp:term":[{"taxonomy":"category","embeddable":true,"href":"https:\/\/www.agrobase.com.br\/concursos\/wp-json\/wp\/v2\/categories?post=142016"},{"taxonomy":"post_tag","embeddable":true,"href":"https:\/\/www.agrobase.com.br\/concursos\/wp-json\/wp\/v2\/tags?post=142016"},{"taxonomy":"_amplo","embeddable":true,"href":"https:\/\/www.agrobase.com.br\/concursos\/wp-json\/wp\/v2\/_amplo?post=142016"},{"taxonomy":"destaque","embeddable":true,"href":"https:\/\/www.agrobase.com.br\/concursos\/wp-json\/wp\/v2\/destaque?post=142016"},{"taxonomy":"instituicoes","embeddable":true,"href":"https:\/\/www.agrobase.com.br\/concursos\/wp-json\/wp\/v2\/instituicoes?post=142016"}],"curies":[{"name":"wp","href":"https:\/\/api.w.org\/{rel}","templated":true}]}}